{"id":7433,"date":"2019-04-23T16:40:24","date_gmt":"2019-04-23T16:40:24","guid":{"rendered":"https:\/\/www.joaocajuda.com\/pt\/?p=7433"},"modified":"2019-04-23T17:08:26","modified_gmt":"2019-04-23T17:08:26","slug":"sundy-praia","status":"publish","type":"post","link":"https:\/\/joaocajuda.com\/pt\/sundy-praia\/","title":{"rendered":"SUNDY PRAIA"},"content":{"rendered":"<p>Este post teve o apoio da HBD.<\/p>\n<p>Distinguido pela National Geographic como um \u201cUnique Lodges of the World\u201d, o SUNDY PRAIA \u00e9 o ep\u00edtome do luxo, conforto e privacidade na ilha do Pr\u00edncipe. O mais recente resort da ilha tem apenas 15 villas em tenda se que escondem entre os coqueiros e bananeiras ao longo da praia.<\/p>\n<p>A minha villa, com dois quartos separados e independentes, era enorme, muito bem decorada em tons de bege, castanho e branco. H\u00e1 claramente uma mistura entre artesanato local e a modernidade dos m\u00f3veis de design. Alguns recantos fazem-me at\u00e9 lembrar o estilo colonial das tendas de safari das savanas africanas.<\/p>\n<p>A casa de banho est\u00e1 dividida em dois compartimentos separados e a enorme banheira encontra-se no quarto, colocada propositadamente em frente \u00e0s enormes janelas de forma a tornar o banho ainda mais relaxante.<\/p>\n<p>&nbsp;<\/p>\n<div class=\"one_half\"><img data-recalc-dims=\"1\" loading=\"lazy\" decoding=\"async\" data-attachment-id=\"7318\" data-permalink=\"https:\/\/joaocajuda.com\/pt\/sundy-praia\/joao-cajuda-sao-tome-e-principe-sundy-praia-roca-sundy-bom-bom-omali-paraiso-praia-destinos-ilha-do-principe-3329\/\" data-orig-file=\"https:\/\/i0.wp.com\/joaocajuda.com\/pt\/assets\/uploads\/2019\/04\/Jo%C3%A3o-Cajuda-S%C3%A3o-Tom%C3%A9-e-Pr%C3%ADncipe-Sundy-Praia-Ro%C3%A7a-Sundy-Bom-Bom-Omali-Para%C3%ADso-Praia-Destinos-Ilha-do-Pr%C3%ADncipe-3329.jpg?fit=800%2C1199&amp;ssl=1\" data-orig-size=\"800,1199\" data-comments-opened=\"1\" data-image-meta=\"{&quot;aperture&quot;:&quot;7.1&quot;,&quot;credit&quot;:&quot;&quot;,&quot;camera&quot;:&quot;Canon EOS 70D&quot;,&quot;caption&quot;:&quot;&quot;,&quot;created_timestamp&quot;:&quot;1550078796&quot;,&quot;copyright&quot;:&quot;&quot;,&quot;focal_length&quot;:&quot;85&quot;,&quot;iso&quot;:&quot;100&quot;,&quot;shutter_speed&quot;:&quot;0.0025&quot;,&quot;title&quot;:&quot;&quot;,&quot;orientation&quot;:&quot;1&quot;}\" data-image-title=\"Jo\u00e3o Cajuda &amp;#8211; S\u00e3o Tom\u00e9 e Pr\u00edncipe, Sundy Praia, Ro\u00e7a Sundy, Bom Bom, Omali, Para\u00edso, Praia, Destinos, Ilha do Pr\u00edncipe-3329\" data-image-description=\"\" data-image-caption=\"\" data-medium-file=\"https:\/\/i0.wp.com\/joaocajuda.com\/pt\/assets\/uploads\/2019\/04\/Jo%C3%A3o-Cajuda-S%C3%A3o-Tom%C3%A9-e-Pr%C3%ADncipe-Sundy-Praia-Ro%C3%A7a-Sundy-Bom-Bom-Omali-Para%C3%ADso-Praia-Destinos-Ilha-do-Pr%C3%ADncipe-3329.jpg?fit=800%2C1199&amp;ssl=1\" data-large-file=\"https:\/\/i0.wp.com\/joaocajuda.com\/pt\/assets\/uploads\/2019\/04\/Jo%C3%A3o-Cajuda-S%C3%A3o-Tom%C3%A9-e-Pr%C3%ADncipe-Sundy-Praia-Ro%C3%A7a-Sundy-Bom-Bom-Omali-Para%C3%ADso-Praia-Destinos-Ilha-do-Pr%C3%ADncipe-3329.jpg?fit=683%2C1024&amp;ssl=1\" class=\"alignnone size-full wp-image-7318\" src=\"https:\/\/i0.wp.com\/joaocajuda.com\/pt\/assets\/uploads\/2019\/04\/Jo%C3%A3o-Cajuda-S%C3%A3o-Tom%C3%A9-e-Pr%C3%ADncipe-Sundy-Praia-Ro%C3%A7a-Sundy-Bom-Bom-Omali-Para%C3%ADso-Praia-Destinos-Ilha-do-Pr%C3%ADncipe-3329.jpg?resize=800%2C1199&#038;ssl=1\" alt=\"\" width=\"800\" height=\"1199\" srcset=\"https:\/\/i0.wp.com\/joaocajuda.com\/pt\/assets\/uploads\/2019\/04\/Jo%C3%A3o-Cajuda-S%C3%A3o-Tom%C3%A9-e-Pr%C3%ADncipe-Sundy-Praia-Ro%C3%A7a-Sundy-Bom-Bom-Omali-Para%C3%ADso-Praia-Destinos-Ilha-do-Pr%C3%ADncipe-3329.jpg?w=800&amp;ssl=1 800w, https:\/\/i0.wp.com\/joaocajuda.com\/pt\/assets\/uploads\/2019\/04\/Jo%C3%A3o-Cajuda-S%C3%A3o-Tom%C3%A9-e-Pr%C3%ADncipe-Sundy-Praia-Ro%C3%A7a-Sundy-Bom-Bom-Omali-Para%C3%ADso-Praia-Destinos-Ilha-do-Pr%C3%ADncipe-3329.jpg?resize=768%2C1151&amp;ssl=1 768w, https:\/\/i0.wp.com\/joaocajuda.com\/pt\/assets\/uploads\/2019\/04\/Jo%C3%A3o-Cajuda-S%C3%A3o-Tom%C3%A9-e-Pr%C3%ADncipe-Sundy-Praia-Ro%C3%A7a-Sundy-Bom-Bom-Omali-Para%C3%ADso-Praia-Destinos-Ilha-do-Pr%C3%ADncipe-3329.jpg?resize=683%2C1024&amp;ssl=1 683w\" sizes=\"auto, (max-width: 800px) 100vw, 800px\" \/> <\/div>\n<div class=\"one_half last\"><img data-recalc-dims=\"1\" loading=\"lazy\" decoding=\"async\" data-attachment-id=\"7343\" data-permalink=\"https:\/\/joaocajuda.com\/pt\/sundy-praia\/joao-cajuda-sao-tome-e-principe-sundy-praia-roca-sundy-bom-bom-omali-paraiso-praia-destinos-ilha-do-principe-3468\/\" data-orig-file=\"https:\/\/i0.wp.com\/joaocajuda.com\/pt\/assets\/uploads\/2019\/04\/Jo%C3%A3o-Cajuda-S%C3%A3o-Tom%C3%A9-e-Pr%C3%ADncipe-Sundy-Praia-Ro%C3%A7a-Sundy-Bom-Bom-Omali-Para%C3%ADso-Praia-Destinos-Ilha-do-Pr%C3%ADncipe-3468.jpg?fit=800%2C1199&amp;ssl=1\" data-orig-size=\"800,1199\" data-comments-opened=\"1\" data-image-meta=\"{&quot;aperture&quot;:&quot;5.6&quot;,&quot;credit&quot;:&quot;&quot;,&quot;camera&quot;:&quot;Canon EOS 70D&quot;,&quot;caption&quot;:&quot;&quot;,&quot;created_timestamp&quot;:&quot;1550080933&quot;,&quot;copyright&quot;:&quot;&quot;,&quot;focal_length&quot;:&quot;240&quot;,&quot;iso&quot;:&quot;800&quot;,&quot;shutter_speed&quot;:&quot;0.003125&quot;,&quot;title&quot;:&quot;&quot;,&quot;orientation&quot;:&quot;1&quot;}\" data-image-title=\"Jo\u00e3o Cajuda &amp;#8211; S\u00e3o Tom\u00e9 e Pr\u00edncipe, Sundy Praia, Ro\u00e7a Sundy, Bom Bom, Omali, Para\u00edso, Praia, Destinos, Ilha do Pr\u00edncipe-3468\" data-image-description=\"\" data-image-caption=\"\" data-medium-file=\"https:\/\/i0.wp.com\/joaocajuda.com\/pt\/assets\/uploads\/2019\/04\/Jo%C3%A3o-Cajuda-S%C3%A3o-Tom%C3%A9-e-Pr%C3%ADncipe-Sundy-Praia-Ro%C3%A7a-Sundy-Bom-Bom-Omali-Para%C3%ADso-Praia-Destinos-Ilha-do-Pr%C3%ADncipe-3468.jpg?fit=800%2C1199&amp;ssl=1\" data-large-file=\"https:\/\/i0.wp.com\/joaocajuda.com\/pt\/assets\/uploads\/2019\/04\/Jo%C3%A3o-Cajuda-S%C3%A3o-Tom%C3%A9-e-Pr%C3%ADncipe-Sundy-Praia-Ro%C3%A7a-Sundy-Bom-Bom-Omali-Para%C3%ADso-Praia-Destinos-Ilha-do-Pr%C3%ADncipe-3468.jpg?fit=683%2C1024&amp;ssl=1\" class=\"alignnone size-full wp-image-7343\" src=\"https:\/\/i0.wp.com\/joaocajuda.com\/pt\/assets\/uploads\/2019\/04\/Jo%C3%A3o-Cajuda-S%C3%A3o-Tom%C3%A9-e-Pr%C3%ADncipe-Sundy-Praia-Ro%C3%A7a-Sundy-Bom-Bom-Omali-Para%C3%ADso-Praia-Destinos-Ilha-do-Pr%C3%ADncipe-3468.jpg?resize=800%2C1199&#038;ssl=1\" alt=\"\" width=\"800\" height=\"1199\" srcset=\"https:\/\/i0.wp.com\/joaocajuda.com\/pt\/assets\/uploads\/2019\/04\/Jo%C3%A3o-Cajuda-S%C3%A3o-Tom%C3%A9-e-Pr%C3%ADncipe-Sundy-Praia-Ro%C3%A7a-Sundy-Bom-Bom-Omali-Para%C3%ADso-Praia-Destinos-Ilha-do-Pr%C3%ADncipe-3468.jpg?w=800&amp;ssl=1 800w, https:\/\/i0.wp.com\/joaocajuda.com\/pt\/assets\/uploads\/2019\/04\/Jo%C3%A3o-Cajuda-S%C3%A3o-Tom%C3%A9-e-Pr%C3%ADncipe-Sundy-Praia-Ro%C3%A7a-Sundy-Bom-Bom-Omali-Para%C3%ADso-Praia-Destinos-Ilha-do-Pr%C3%ADncipe-3468.jpg?resize=768%2C1151&amp;ssl=1 768w, https:\/\/i0.wp.com\/joaocajuda.com\/pt\/assets\/uploads\/2019\/04\/Jo%C3%A3o-Cajuda-S%C3%A3o-Tom%C3%A9-e-Pr%C3%ADncipe-Sundy-Praia-Ro%C3%A7a-Sundy-Bom-Bom-Omali-Para%C3%ADso-Praia-Destinos-Ilha-do-Pr%C3%ADncipe-3468.jpg?resize=683%2C1024&amp;ssl=1 683w\" sizes=\"auto, (max-width: 800px) 100vw, 800px\" \/>\u00a0<\/div>\n<div class=\"clearboth\"><\/div>\n<p><img data-recalc-dims=\"1\" loading=\"lazy\" decoding=\"async\" data-attachment-id=\"6969\" data-permalink=\"https:\/\/joaocajuda.com\/pt\/sundy-praia\/default-33\/\" data-orig-file=\"https:\/\/i0.wp.com\/joaocajuda.com\/pt\/assets\/uploads\/2019\/04\/Jo%C3%A3o-Cajuda-S%C3%A3o-Tom%C3%A9-e-Pr%C3%ADncipe-Sundy-Praia-Ro%C3%A7a-Sundy-Bom-Bom-Omali-Para%C3%ADso-Praia-Destinos-Ilha-do-Pr%C3%ADncipe-0465.jpg?fit=1200%2C800&amp;ssl=1\" data-orig-size=\"1200,800\" data-comments-opened=\"1\" data-image-meta=\"{&quot;aperture&quot;:&quot;5&quot;,&quot;credit&quot;:&quot;&quot;,&quot;camera&quot;:&quot;L1D-20c&quot;,&quot;caption&quot;:&quot;default&quot;,&quot;created_timestamp&quot;:&quot;1550158943&quot;,&quot;copyright&quot;:&quot;&quot;,&quot;focal_length&quot;:&quot;10.26&quot;,&quot;iso&quot;:&quot;100&quot;,&quot;shutter_speed&quot;:&quot;0.0041666666666667&quot;,&quot;title&quot;:&quot;default&quot;,&quot;orientation&quot;:&quot;1&quot;}\" data-image-title=\"default\" data-image-description=\"\" data-image-caption=\"&lt;p&gt;default&lt;\/p&gt;\n\" data-medium-file=\"https:\/\/i0.wp.com\/joaocajuda.com\/pt\/assets\/uploads\/2019\/04\/Jo%C3%A3o-Cajuda-S%C3%A3o-Tom%C3%A9-e-Pr%C3%ADncipe-Sundy-Praia-Ro%C3%A7a-Sundy-Bom-Bom-Omali-Para%C3%ADso-Praia-Destinos-Ilha-do-Pr%C3%ADncipe-0465.jpg?fit=850%2C567&amp;ssl=1\" data-large-file=\"https:\/\/i0.wp.com\/joaocajuda.com\/pt\/assets\/uploads\/2019\/04\/Jo%C3%A3o-Cajuda-S%C3%A3o-Tom%C3%A9-e-Pr%C3%ADncipe-Sundy-Praia-Ro%C3%A7a-Sundy-Bom-Bom-Omali-Para%C3%ADso-Praia-Destinos-Ilha-do-Pr%C3%ADncipe-0465.jpg?fit=960%2C640&amp;ssl=1\" class=\"size-medium wp-image-6969\" src=\"https:\/\/i0.wp.com\/joaocajuda.com\/pt\/assets\/uploads\/2019\/04\/Jo%C3%A3o-Cajuda-S%C3%A3o-Tom%C3%A9-e-Pr%C3%ADncipe-Sundy-Praia-Ro%C3%A7a-Sundy-Bom-Bom-Omali-Para%C3%ADso-Praia-Destinos-Ilha-do-Pr%C3%ADncipe-0465.jpg?resize=850%2C567&#038;ssl=1\" alt=\"\" width=\"850\" height=\"567\" srcset=\"https:\/\/i0.wp.com\/joaocajuda.com\/pt\/assets\/uploads\/2019\/04\/Jo%C3%A3o-Cajuda-S%C3%A3o-Tom%C3%A9-e-Pr%C3%ADncipe-Sundy-Praia-Ro%C3%A7a-Sundy-Bom-Bom-Omali-Para%C3%ADso-Praia-Destinos-Ilha-do-Pr%C3%ADncipe-0465.jpg?resize=850%2C567&amp;ssl=1 850w, https:\/\/i0.wp.com\/joaocajuda.com\/pt\/assets\/uploads\/2019\/04\/Jo%C3%A3o-Cajuda-S%C3%A3o-Tom%C3%A9-e-Pr%C3%ADncipe-Sundy-Praia-Ro%C3%A7a-Sundy-Bom-Bom-Omali-Para%C3%ADso-Praia-Destinos-Ilha-do-Pr%C3%ADncipe-0465.jpg?resize=768%2C512&amp;ssl=1 768w, https:\/\/i0.wp.com\/joaocajuda.com\/pt\/assets\/uploads\/2019\/04\/Jo%C3%A3o-Cajuda-S%C3%A3o-Tom%C3%A9-e-Pr%C3%ADncipe-Sundy-Praia-Ro%C3%A7a-Sundy-Bom-Bom-Omali-Para%C3%ADso-Praia-Destinos-Ilha-do-Pr%C3%ADncipe-0465.jpg?resize=1024%2C683&amp;ssl=1 1024w, https:\/\/i0.wp.com\/joaocajuda.com\/pt\/assets\/uploads\/2019\/04\/Jo%C3%A3o-Cajuda-S%C3%A3o-Tom%C3%A9-e-Pr%C3%ADncipe-Sundy-Praia-Ro%C3%A7a-Sundy-Bom-Bom-Omali-Para%C3%ADso-Praia-Destinos-Ilha-do-Pr%C3%ADncipe-0465.jpg?w=1200&amp;ssl=1 1200w\" sizes=\"auto, (max-width: 850px) 100vw, 850px\" \/><\/p>\n<div class=\"one_half\"><img data-recalc-dims=\"1\" loading=\"lazy\" decoding=\"async\" data-attachment-id=\"7169\" data-permalink=\"https:\/\/joaocajuda.com\/pt\/sundy-praia\/joao-cajuda-sao-tome-e-principe-sundy-praia-roca-sundy-bom-bom-omali-paraiso-praia-destinos-ilha-do-principe-01895\/\" data-orig-file=\"https:\/\/i0.wp.com\/joaocajuda.com\/pt\/assets\/uploads\/2019\/04\/Jo%C3%A3o-Cajuda-S%C3%A3o-Tom%C3%A9-e-Pr%C3%ADncipe-Sundy-Praia-Ro%C3%A7a-Sundy-Bom-Bom-Omali-Para%C3%ADso-Praia-Destinos-Ilha-do-Pr%C3%ADncipe-01895.jpg?fit=800%2C1198&amp;ssl=1\" data-orig-size=\"800,1198\" data-comments-opened=\"1\" data-image-meta=\"{&quot;aperture&quot;:&quot;9&quot;,&quot;credit&quot;:&quot;@joaocajuda joaocajuda.com&quot;,&quot;camera&quot;:&quot;ILCE-7SM2&quot;,&quot;caption&quot;:&quot;&quot;,&quot;created_timestamp&quot;:&quot;1550060854&quot;,&quot;copyright&quot;:&quot;joaocajuda.com&quot;,&quot;focal_length&quot;:&quot;12&quot;,&quot;iso&quot;:&quot;100&quot;,&quot;shutter_speed&quot;:&quot;0.0125&quot;,&quot;title&quot;:&quot;&quot;,&quot;orientation&quot;:&quot;1&quot;}\" data-image-title=\"Jo\u00e3o Cajuda &amp;#8211; S\u00e3o Tom\u00e9 e Pr\u00edncipe, Sundy Praia, Ro\u00e7a Sundy, Bom Bom, Omali, Para\u00edso, Praia, Destinos, Ilha do Pr\u00edncipe-01895\" data-image-description=\"\" data-image-caption=\"\" data-medium-file=\"https:\/\/i0.wp.com\/joaocajuda.com\/pt\/assets\/uploads\/2019\/04\/Jo%C3%A3o-Cajuda-S%C3%A3o-Tom%C3%A9-e-Pr%C3%ADncipe-Sundy-Praia-Ro%C3%A7a-Sundy-Bom-Bom-Omali-Para%C3%ADso-Praia-Destinos-Ilha-do-Pr%C3%ADncipe-01895.jpg?fit=800%2C1198&amp;ssl=1\" data-large-file=\"https:\/\/i0.wp.com\/joaocajuda.com\/pt\/assets\/uploads\/2019\/04\/Jo%C3%A3o-Cajuda-S%C3%A3o-Tom%C3%A9-e-Pr%C3%ADncipe-Sundy-Praia-Ro%C3%A7a-Sundy-Bom-Bom-Omali-Para%C3%ADso-Praia-Destinos-Ilha-do-Pr%C3%ADncipe-01895.jpg?fit=684%2C1024&amp;ssl=1\" class=\"alignnone size-full wp-image-7169\" src=\"https:\/\/i0.wp.com\/joaocajuda.com\/pt\/assets\/uploads\/2019\/04\/Jo%C3%A3o-Cajuda-S%C3%A3o-Tom%C3%A9-e-Pr%C3%ADncipe-Sundy-Praia-Ro%C3%A7a-Sundy-Bom-Bom-Omali-Para%C3%ADso-Praia-Destinos-Ilha-do-Pr%C3%ADncipe-01895.jpg?resize=800%2C1198&#038;ssl=1\" alt=\"\" width=\"800\" height=\"1198\" srcset=\"https:\/\/i0.wp.com\/joaocajuda.com\/pt\/assets\/uploads\/2019\/04\/Jo%C3%A3o-Cajuda-S%C3%A3o-Tom%C3%A9-e-Pr%C3%ADncipe-Sundy-Praia-Ro%C3%A7a-Sundy-Bom-Bom-Omali-Para%C3%ADso-Praia-Destinos-Ilha-do-Pr%C3%ADncipe-01895.jpg?w=800&amp;ssl=1 800w, https:\/\/i0.wp.com\/joaocajuda.com\/pt\/assets\/uploads\/2019\/04\/Jo%C3%A3o-Cajuda-S%C3%A3o-Tom%C3%A9-e-Pr%C3%ADncipe-Sundy-Praia-Ro%C3%A7a-Sundy-Bom-Bom-Omali-Para%C3%ADso-Praia-Destinos-Ilha-do-Pr%C3%ADncipe-01895.jpg?resize=768%2C1150&amp;ssl=1 768w, https:\/\/i0.wp.com\/joaocajuda.com\/pt\/assets\/uploads\/2019\/04\/Jo%C3%A3o-Cajuda-S%C3%A3o-Tom%C3%A9-e-Pr%C3%ADncipe-Sundy-Praia-Ro%C3%A7a-Sundy-Bom-Bom-Omali-Para%C3%ADso-Praia-Destinos-Ilha-do-Pr%C3%ADncipe-01895.jpg?resize=684%2C1024&amp;ssl=1 684w\" sizes=\"auto, (max-width: 800px) 100vw, 800px\" \/> <\/div>\n<div class=\"one_half last\"><img data-recalc-dims=\"1\" loading=\"lazy\" decoding=\"async\" data-attachment-id=\"7175\" data-permalink=\"https:\/\/joaocajuda.com\/pt\/sundy-praia\/joao-cajuda-sao-tome-e-principe-sundy-praia-roca-sundy-bom-bom-omali-paraiso-praia-destinos-ilha-do-principe-01943\/\" data-orig-file=\"https:\/\/i0.wp.com\/joaocajuda.com\/pt\/assets\/uploads\/2019\/04\/Jo%C3%A3o-Cajuda-S%C3%A3o-Tom%C3%A9-e-Pr%C3%ADncipe-Sundy-Praia-Ro%C3%A7a-Sundy-Bom-Bom-Omali-Para%C3%ADso-Praia-Destinos-Ilha-do-Pr%C3%ADncipe-01943.jpg?fit=800%2C1198&amp;ssl=1\" data-orig-size=\"800,1198\" data-comments-opened=\"1\" data-image-meta=\"{&quot;aperture&quot;:&quot;5.6&quot;,&quot;credit&quot;:&quot;@joaocajuda joaocajuda.com&quot;,&quot;camera&quot;:&quot;ILCE-7SM2&quot;,&quot;caption&quot;:&quot;&quot;,&quot;created_timestamp&quot;:&quot;1550077573&quot;,&quot;copyright&quot;:&quot;joaocajuda.com&quot;,&quot;focal_length&quot;:&quot;12&quot;,&quot;iso&quot;:&quot;8000&quot;,&quot;shutter_speed&quot;:&quot;0.001&quot;,&quot;title&quot;:&quot;&quot;,&quot;orientation&quot;:&quot;1&quot;}\" data-image-title=\"Jo\u00e3o Cajuda &amp;#8211; S\u00e3o Tom\u00e9 e Pr\u00edncipe, Sundy Praia, Ro\u00e7a Sundy, Bom Bom, Omali, Para\u00edso, Praia, Destinos, Ilha do Pr\u00edncipe-01943\" data-image-description=\"\" data-image-caption=\"\" data-medium-file=\"https:\/\/i0.wp.com\/joaocajuda.com\/pt\/assets\/uploads\/2019\/04\/Jo%C3%A3o-Cajuda-S%C3%A3o-Tom%C3%A9-e-Pr%C3%ADncipe-Sundy-Praia-Ro%C3%A7a-Sundy-Bom-Bom-Omali-Para%C3%ADso-Praia-Destinos-Ilha-do-Pr%C3%ADncipe-01943.jpg?fit=800%2C1198&amp;ssl=1\" data-large-file=\"https:\/\/i0.wp.com\/joaocajuda.com\/pt\/assets\/uploads\/2019\/04\/Jo%C3%A3o-Cajuda-S%C3%A3o-Tom%C3%A9-e-Pr%C3%ADncipe-Sundy-Praia-Ro%C3%A7a-Sundy-Bom-Bom-Omali-Para%C3%ADso-Praia-Destinos-Ilha-do-Pr%C3%ADncipe-01943.jpg?fit=684%2C1024&amp;ssl=1\" class=\"alignnone size-full wp-image-7175\" src=\"https:\/\/i0.wp.com\/joaocajuda.com\/pt\/assets\/uploads\/2019\/04\/Jo%C3%A3o-Cajuda-S%C3%A3o-Tom%C3%A9-e-Pr%C3%ADncipe-Sundy-Praia-Ro%C3%A7a-Sundy-Bom-Bom-Omali-Para%C3%ADso-Praia-Destinos-Ilha-do-Pr%C3%ADncipe-01943.jpg?resize=800%2C1198&#038;ssl=1\" alt=\"\" width=\"800\" height=\"1198\" srcset=\"https:\/\/i0.wp.com\/joaocajuda.com\/pt\/assets\/uploads\/2019\/04\/Jo%C3%A3o-Cajuda-S%C3%A3o-Tom%C3%A9-e-Pr%C3%ADncipe-Sundy-Praia-Ro%C3%A7a-Sundy-Bom-Bom-Omali-Para%C3%ADso-Praia-Destinos-Ilha-do-Pr%C3%ADncipe-01943.jpg?w=800&amp;ssl=1 800w, https:\/\/i0.wp.com\/joaocajuda.com\/pt\/assets\/uploads\/2019\/04\/Jo%C3%A3o-Cajuda-S%C3%A3o-Tom%C3%A9-e-Pr%C3%ADncipe-Sundy-Praia-Ro%C3%A7a-Sundy-Bom-Bom-Omali-Para%C3%ADso-Praia-Destinos-Ilha-do-Pr%C3%ADncipe-01943.jpg?resize=768%2C1150&amp;ssl=1 768w, https:\/\/i0.wp.com\/joaocajuda.com\/pt\/assets\/uploads\/2019\/04\/Jo%C3%A3o-Cajuda-S%C3%A3o-Tom%C3%A9-e-Pr%C3%ADncipe-Sundy-Praia-Ro%C3%A7a-Sundy-Bom-Bom-Omali-Para%C3%ADso-Praia-Destinos-Ilha-do-Pr%C3%ADncipe-01943.jpg?resize=684%2C1024&amp;ssl=1 684w\" sizes=\"auto, (max-width: 800px) 100vw, 800px\" \/> <\/div>\n<div class=\"clearboth\"><\/div>\n<p>&nbsp;<\/p>\n<div class=\"one_half\"><img data-recalc-dims=\"1\" loading=\"lazy\" decoding=\"async\" data-attachment-id=\"7172\" data-permalink=\"https:\/\/joaocajuda.com\/pt\/sundy-praia\/joao-cajuda-sao-tome-e-principe-sundy-praia-roca-sundy-bom-bom-omali-paraiso-praia-destinos-ilha-do-principe-01912\/\" data-orig-file=\"https:\/\/i0.wp.com\/joaocajuda.com\/pt\/assets\/uploads\/2019\/04\/Jo%C3%A3o-Cajuda-S%C3%A3o-Tom%C3%A9-e-Pr%C3%ADncipe-Sundy-Praia-Ro%C3%A7a-Sundy-Bom-Bom-Omali-Para%C3%ADso-Praia-Destinos-Ilha-do-Pr%C3%ADncipe-01912.jpg?fit=800%2C1198&amp;ssl=1\" data-orig-size=\"800,1198\" data-comments-opened=\"1\" data-image-meta=\"{&quot;aperture&quot;:&quot;9&quot;,&quot;credit&quot;:&quot;@joaocajuda joaocajuda.com&quot;,&quot;camera&quot;:&quot;ILCE-7SM2&quot;,&quot;caption&quot;:&quot;&quot;,&quot;created_timestamp&quot;:&quot;1550069347&quot;,&quot;copyright&quot;:&quot;joaocajuda.com&quot;,&quot;focal_length&quot;:&quot;12&quot;,&quot;iso&quot;:&quot;100&quot;,&quot;shutter_speed&quot;:&quot;0.0125&quot;,&quot;title&quot;:&quot;&quot;,&quot;orientation&quot;:&quot;1&quot;}\" data-image-title=\"Jo\u00e3o Cajuda &amp;#8211; S\u00e3o Tom\u00e9 e Pr\u00edncipe, Sundy Praia, Ro\u00e7a Sundy, Bom Bom, Omali, Para\u00edso, Praia, Destinos, Ilha do Pr\u00edncipe-01912\" data-image-description=\"\" data-image-caption=\"\" data-medium-file=\"https:\/\/i0.wp.com\/joaocajuda.com\/pt\/assets\/uploads\/2019\/04\/Jo%C3%A3o-Cajuda-S%C3%A3o-Tom%C3%A9-e-Pr%C3%ADncipe-Sundy-Praia-Ro%C3%A7a-Sundy-Bom-Bom-Omali-Para%C3%ADso-Praia-Destinos-Ilha-do-Pr%C3%ADncipe-01912.jpg?fit=800%2C1198&amp;ssl=1\" data-large-file=\"https:\/\/i0.wp.com\/joaocajuda.com\/pt\/assets\/uploads\/2019\/04\/Jo%C3%A3o-Cajuda-S%C3%A3o-Tom%C3%A9-e-Pr%C3%ADncipe-Sundy-Praia-Ro%C3%A7a-Sundy-Bom-Bom-Omali-Para%C3%ADso-Praia-Destinos-Ilha-do-Pr%C3%ADncipe-01912.jpg?fit=684%2C1024&amp;ssl=1\" class=\"alignnone size-full wp-image-7172\" src=\"https:\/\/i0.wp.com\/joaocajuda.com\/pt\/assets\/uploads\/2019\/04\/Jo%C3%A3o-Cajuda-S%C3%A3o-Tom%C3%A9-e-Pr%C3%ADncipe-Sundy-Praia-Ro%C3%A7a-Sundy-Bom-Bom-Omali-Para%C3%ADso-Praia-Destinos-Ilha-do-Pr%C3%ADncipe-01912.jpg?resize=800%2C1198&#038;ssl=1\" alt=\"\" width=\"800\" height=\"1198\" srcset=\"https:\/\/i0.wp.com\/joaocajuda.com\/pt\/assets\/uploads\/2019\/04\/Jo%C3%A3o-Cajuda-S%C3%A3o-Tom%C3%A9-e-Pr%C3%ADncipe-Sundy-Praia-Ro%C3%A7a-Sundy-Bom-Bom-Omali-Para%C3%ADso-Praia-Destinos-Ilha-do-Pr%C3%ADncipe-01912.jpg?w=800&amp;ssl=1 800w, https:\/\/i0.wp.com\/joaocajuda.com\/pt\/assets\/uploads\/2019\/04\/Jo%C3%A3o-Cajuda-S%C3%A3o-Tom%C3%A9-e-Pr%C3%ADncipe-Sundy-Praia-Ro%C3%A7a-Sundy-Bom-Bom-Omali-Para%C3%ADso-Praia-Destinos-Ilha-do-Pr%C3%ADncipe-01912.jpg?resize=768%2C1150&amp;ssl=1 768w, https:\/\/i0.wp.com\/joaocajuda.com\/pt\/assets\/uploads\/2019\/04\/Jo%C3%A3o-Cajuda-S%C3%A3o-Tom%C3%A9-e-Pr%C3%ADncipe-Sundy-Praia-Ro%C3%A7a-Sundy-Bom-Bom-Omali-Para%C3%ADso-Praia-Destinos-Ilha-do-Pr%C3%ADncipe-01912.jpg?resize=684%2C1024&amp;ssl=1 684w\" sizes=\"auto, (max-width: 800px) 100vw, 800px\" \/> <\/div>\n<div class=\"one_half last\"><img data-recalc-dims=\"1\" loading=\"lazy\" decoding=\"async\" data-attachment-id=\"7170\" data-permalink=\"https:\/\/joaocajuda.com\/pt\/sundy-praia\/joao-cajuda-sao-tome-e-principe-sundy-praia-roca-sundy-bom-bom-omali-paraiso-praia-destinos-ilha-do-principe-01905\/\" data-orig-file=\"https:\/\/i0.wp.com\/joaocajuda.com\/pt\/assets\/uploads\/2019\/04\/Jo%C3%A3o-Cajuda-S%C3%A3o-Tom%C3%A9-e-Pr%C3%ADncipe-Sundy-Praia-Ro%C3%A7a-Sundy-Bom-Bom-Omali-Para%C3%ADso-Praia-Destinos-Ilha-do-Pr%C3%ADncipe-01905.jpg?fit=800%2C1198&amp;ssl=1\" data-orig-size=\"800,1198\" data-comments-opened=\"1\" data-image-meta=\"{&quot;aperture&quot;:&quot;5.6&quot;,&quot;credit&quot;:&quot;@joaocajuda joaocajuda.com&quot;,&quot;camera&quot;:&quot;ILCE-7SM2&quot;,&quot;caption&quot;:&quot;&quot;,&quot;created_timestamp&quot;:&quot;1550066717&quot;,&quot;copyright&quot;:&quot;joaocajuda.com&quot;,&quot;focal_length&quot;:&quot;12&quot;,&quot;iso&quot;:&quot;100&quot;,&quot;shutter_speed&quot;:&quot;0.0125&quot;,&quot;title&quot;:&quot;&quot;,&quot;orientation&quot;:&quot;1&quot;}\" data-image-title=\"Jo\u00e3o Cajuda &amp;#8211; S\u00e3o Tom\u00e9 e Pr\u00edncipe, Sundy Praia, Ro\u00e7a Sundy, Bom Bom, Omali, Para\u00edso, Praia, Destinos, Ilha do Pr\u00edncipe-01905\" data-image-description=\"\" data-image-caption=\"\" data-medium-file=\"https:\/\/i0.wp.com\/joaocajuda.com\/pt\/assets\/uploads\/2019\/04\/Jo%C3%A3o-Cajuda-S%C3%A3o-Tom%C3%A9-e-Pr%C3%ADncipe-Sundy-Praia-Ro%C3%A7a-Sundy-Bom-Bom-Omali-Para%C3%ADso-Praia-Destinos-Ilha-do-Pr%C3%ADncipe-01905.jpg?fit=800%2C1198&amp;ssl=1\" data-large-file=\"https:\/\/i0.wp.com\/joaocajuda.com\/pt\/assets\/uploads\/2019\/04\/Jo%C3%A3o-Cajuda-S%C3%A3o-Tom%C3%A9-e-Pr%C3%ADncipe-Sundy-Praia-Ro%C3%A7a-Sundy-Bom-Bom-Omali-Para%C3%ADso-Praia-Destinos-Ilha-do-Pr%C3%ADncipe-01905.jpg?fit=684%2C1024&amp;ssl=1\" class=\"alignnone size-full wp-image-7170\" src=\"https:\/\/i0.wp.com\/joaocajuda.com\/pt\/assets\/uploads\/2019\/04\/Jo%C3%A3o-Cajuda-S%C3%A3o-Tom%C3%A9-e-Pr%C3%ADncipe-Sundy-Praia-Ro%C3%A7a-Sundy-Bom-Bom-Omali-Para%C3%ADso-Praia-Destinos-Ilha-do-Pr%C3%ADncipe-01905.jpg?resize=800%2C1198&#038;ssl=1\" alt=\"\" width=\"800\" height=\"1198\" srcset=\"https:\/\/i0.wp.com\/joaocajuda.com\/pt\/assets\/uploads\/2019\/04\/Jo%C3%A3o-Cajuda-S%C3%A3o-Tom%C3%A9-e-Pr%C3%ADncipe-Sundy-Praia-Ro%C3%A7a-Sundy-Bom-Bom-Omali-Para%C3%ADso-Praia-Destinos-Ilha-do-Pr%C3%ADncipe-01905.jpg?w=800&amp;ssl=1 800w, https:\/\/i0.wp.com\/joaocajuda.com\/pt\/assets\/uploads\/2019\/04\/Jo%C3%A3o-Cajuda-S%C3%A3o-Tom%C3%A9-e-Pr%C3%ADncipe-Sundy-Praia-Ro%C3%A7a-Sundy-Bom-Bom-Omali-Para%C3%ADso-Praia-Destinos-Ilha-do-Pr%C3%ADncipe-01905.jpg?resize=768%2C1150&amp;ssl=1 768w, https:\/\/i0.wp.com\/joaocajuda.com\/pt\/assets\/uploads\/2019\/04\/Jo%C3%A3o-Cajuda-S%C3%A3o-Tom%C3%A9-e-Pr%C3%ADncipe-Sundy-Praia-Ro%C3%A7a-Sundy-Bom-Bom-Omali-Para%C3%ADso-Praia-Destinos-Ilha-do-Pr%C3%ADncipe-01905.jpg?resize=684%2C1024&amp;ssl=1 684w\" sizes=\"auto, (max-width: 800px) 100vw, 800px\" \/> <\/div>\n<div class=\"clearboth\"><\/div>\n<p>&nbsp;<\/p>\n<p><img data-recalc-dims=\"1\" loading=\"lazy\" decoding=\"async\" data-attachment-id=\"7025\" data-permalink=\"https:\/\/joaocajuda.com\/pt\/sundy-praia\/joao-cajuda-sao-tome-e-principe-sundy-praia-roca-sundy-bom-bom-omali-paraiso-praia-destinos-ilha-do-principe-01915\/\" data-orig-file=\"https:\/\/i0.wp.com\/joaocajuda.com\/pt\/assets\/uploads\/2019\/04\/Jo%C3%A3o-Cajuda-S%C3%A3o-Tom%C3%A9-e-Pr%C3%ADncipe-Sundy-Praia-Ro%C3%A7a-Sundy-Bom-Bom-Omali-Para%C3%ADso-Praia-Destinos-Ilha-do-Pr%C3%ADncipe-01915.jpg?fit=1200%2C802&amp;ssl=1\" data-orig-size=\"1200,802\" data-comments-opened=\"1\" data-image-meta=\"{&quot;aperture&quot;:&quot;6.3&quot;,&quot;credit&quot;:&quot;@joaocajuda joaocajuda.com&quot;,&quot;camera&quot;:&quot;ILCE-7SM2&quot;,&quot;caption&quot;:&quot;&quot;,&quot;created_timestamp&quot;:&quot;1550069759&quot;,&quot;copyright&quot;:&quot;joaocajuda.com&quot;,&quot;focal_length&quot;:&quot;12&quot;,&quot;iso&quot;:&quot;100&quot;,&quot;shutter_speed&quot;:&quot;0.0125&quot;,&quot;title&quot;:&quot;&quot;,&quot;orientation&quot;:&quot;1&quot;}\" data-image-title=\"Jo\u00e3o Cajuda &amp;#8211; S\u00e3o Tom\u00e9 e Pr\u00edncipe, Sundy Praia, Ro\u00e7a Sundy, Bom Bom, Omali, Para\u00edso, Praia, Destinos, Ilha do Pr\u00edncipe-01915\" data-image-description=\"\" data-image-caption=\"\" data-medium-file=\"https:\/\/i0.wp.com\/joaocajuda.com\/pt\/assets\/uploads\/2019\/04\/Jo%C3%A3o-Cajuda-S%C3%A3o-Tom%C3%A9-e-Pr%C3%ADncipe-Sundy-Praia-Ro%C3%A7a-Sundy-Bom-Bom-Omali-Para%C3%ADso-Praia-Destinos-Ilha-do-Pr%C3%ADncipe-01915.jpg?fit=850%2C568&amp;ssl=1\" data-large-file=\"https:\/\/i0.wp.com\/joaocajuda.com\/pt\/assets\/uploads\/2019\/04\/Jo%C3%A3o-Cajuda-S%C3%A3o-Tom%C3%A9-e-Pr%C3%ADncipe-Sundy-Praia-Ro%C3%A7a-Sundy-Bom-Bom-Omali-Para%C3%ADso-Praia-Destinos-Ilha-do-Pr%C3%ADncipe-01915.jpg?fit=960%2C641&amp;ssl=1\" class=\"alignnone size-medium wp-image-7025\" src=\"https:\/\/i0.wp.com\/joaocajuda.com\/pt\/assets\/uploads\/2019\/04\/Jo%C3%A3o-Cajuda-S%C3%A3o-Tom%C3%A9-e-Pr%C3%ADncipe-Sundy-Praia-Ro%C3%A7a-Sundy-Bom-Bom-Omali-Para%C3%ADso-Praia-Destinos-Ilha-do-Pr%C3%ADncipe-01915.jpg?resize=850%2C568&#038;ssl=1\" alt=\"\" width=\"850\" height=\"568\" srcset=\"https:\/\/i0.wp.com\/joaocajuda.com\/pt\/assets\/uploads\/2019\/04\/Jo%C3%A3o-Cajuda-S%C3%A3o-Tom%C3%A9-e-Pr%C3%ADncipe-Sundy-Praia-Ro%C3%A7a-Sundy-Bom-Bom-Omali-Para%C3%ADso-Praia-Destinos-Ilha-do-Pr%C3%ADncipe-01915.jpg?resize=850%2C568&amp;ssl=1 850w, https:\/\/i0.wp.com\/joaocajuda.com\/pt\/assets\/uploads\/2019\/04\/Jo%C3%A3o-Cajuda-S%C3%A3o-Tom%C3%A9-e-Pr%C3%ADncipe-Sundy-Praia-Ro%C3%A7a-Sundy-Bom-Bom-Omali-Para%C3%ADso-Praia-Destinos-Ilha-do-Pr%C3%ADncipe-01915.jpg?resize=768%2C513&amp;ssl=1 768w, https:\/\/i0.wp.com\/joaocajuda.com\/pt\/assets\/uploads\/2019\/04\/Jo%C3%A3o-Cajuda-S%C3%A3o-Tom%C3%A9-e-Pr%C3%ADncipe-Sundy-Praia-Ro%C3%A7a-Sundy-Bom-Bom-Omali-Para%C3%ADso-Praia-Destinos-Ilha-do-Pr%C3%ADncipe-01915.jpg?resize=1024%2C684&amp;ssl=1 1024w, https:\/\/i0.wp.com\/joaocajuda.com\/pt\/assets\/uploads\/2019\/04\/Jo%C3%A3o-Cajuda-S%C3%A3o-Tom%C3%A9-e-Pr%C3%ADncipe-Sundy-Praia-Ro%C3%A7a-Sundy-Bom-Bom-Omali-Para%C3%ADso-Praia-Destinos-Ilha-do-Pr%C3%ADncipe-01915.jpg?w=1200&amp;ssl=1 1200w\" sizes=\"auto, (max-width: 850px) 100vw, 850px\" \/><\/p>\n<p><img data-recalc-dims=\"1\" loading=\"lazy\" decoding=\"async\" data-attachment-id=\"7020\" data-permalink=\"https:\/\/joaocajuda.com\/pt\/sundy-praia\/joao-cajuda-sao-tome-e-principe-sundy-praia-roca-sundy-bom-bom-omali-paraiso-praia-destinos-ilha-do-principe-01897\/\" data-orig-file=\"https:\/\/i0.wp.com\/joaocajuda.com\/pt\/assets\/uploads\/2019\/04\/Jo%C3%A3o-Cajuda-S%C3%A3o-Tom%C3%A9-e-Pr%C3%ADncipe-Sundy-Praia-Ro%C3%A7a-Sundy-Bom-Bom-Omali-Para%C3%ADso-Praia-Destinos-Ilha-do-Pr%C3%ADncipe-01897.jpg?fit=1200%2C802&amp;ssl=1\" data-orig-size=\"1200,802\" data-comments-opened=\"1\" data-image-meta=\"{&quot;aperture&quot;:&quot;4&quot;,&quot;credit&quot;:&quot;@joaocajuda joaocajuda.com&quot;,&quot;camera&quot;:&quot;ILCE-7SM2&quot;,&quot;caption&quot;:&quot;&quot;,&quot;created_timestamp&quot;:&quot;1550060894&quot;,&quot;copyright&quot;:&quot;joaocajuda.com&quot;,&quot;focal_length&quot;:&quot;12&quot;,&quot;iso&quot;:&quot;100&quot;,&quot;shutter_speed&quot;:&quot;0.016666666666667&quot;,&quot;title&quot;:&quot;&quot;,&quot;orientation&quot;:&quot;1&quot;}\" data-image-title=\"Jo\u00e3o Cajuda &amp;#8211; S\u00e3o Tom\u00e9 e Pr\u00edncipe, Sundy Praia, Ro\u00e7a Sundy, Bom Bom, Omali, Para\u00edso, Praia, Destinos, Ilha do Pr\u00edncipe-01897\" data-image-description=\"\" data-image-caption=\"\" data-medium-file=\"https:\/\/i0.wp.com\/joaocajuda.com\/pt\/assets\/uploads\/2019\/04\/Jo%C3%A3o-Cajuda-S%C3%A3o-Tom%C3%A9-e-Pr%C3%ADncipe-Sundy-Praia-Ro%C3%A7a-Sundy-Bom-Bom-Omali-Para%C3%ADso-Praia-Destinos-Ilha-do-Pr%C3%ADncipe-01897.jpg?fit=850%2C568&amp;ssl=1\" data-large-file=\"https:\/\/i0.wp.com\/joaocajuda.com\/pt\/assets\/uploads\/2019\/04\/Jo%C3%A3o-Cajuda-S%C3%A3o-Tom%C3%A9-e-Pr%C3%ADncipe-Sundy-Praia-Ro%C3%A7a-Sundy-Bom-Bom-Omali-Para%C3%ADso-Praia-Destinos-Ilha-do-Pr%C3%ADncipe-01897.jpg?fit=960%2C641&amp;ssl=1\" class=\"alignnone size-medium wp-image-7020\" src=\"https:\/\/i0.wp.com\/joaocajuda.com\/pt\/assets\/uploads\/2019\/04\/Jo%C3%A3o-Cajuda-S%C3%A3o-Tom%C3%A9-e-Pr%C3%ADncipe-Sundy-Praia-Ro%C3%A7a-Sundy-Bom-Bom-Omali-Para%C3%ADso-Praia-Destinos-Ilha-do-Pr%C3%ADncipe-01897.jpg?resize=850%2C568&#038;ssl=1\" alt=\"\" width=\"850\" height=\"568\" srcset=\"https:\/\/i0.wp.com\/joaocajuda.com\/pt\/assets\/uploads\/2019\/04\/Jo%C3%A3o-Cajuda-S%C3%A3o-Tom%C3%A9-e-Pr%C3%ADncipe-Sundy-Praia-Ro%C3%A7a-Sundy-Bom-Bom-Omali-Para%C3%ADso-Praia-Destinos-Ilha-do-Pr%C3%ADncipe-01897.jpg?resize=850%2C568&amp;ssl=1 850w, https:\/\/i0.wp.com\/joaocajuda.com\/pt\/assets\/uploads\/2019\/04\/Jo%C3%A3o-Cajuda-S%C3%A3o-Tom%C3%A9-e-Pr%C3%ADncipe-Sundy-Praia-Ro%C3%A7a-Sundy-Bom-Bom-Omali-Para%C3%ADso-Praia-Destinos-Ilha-do-Pr%C3%ADncipe-01897.jpg?resize=768%2C513&amp;ssl=1 768w, https:\/\/i0.wp.com\/joaocajuda.com\/pt\/assets\/uploads\/2019\/04\/Jo%C3%A3o-Cajuda-S%C3%A3o-Tom%C3%A9-e-Pr%C3%ADncipe-Sundy-Praia-Ro%C3%A7a-Sundy-Bom-Bom-Omali-Para%C3%ADso-Praia-Destinos-Ilha-do-Pr%C3%ADncipe-01897.jpg?resize=1024%2C684&amp;ssl=1 1024w, https:\/\/i0.wp.com\/joaocajuda.com\/pt\/assets\/uploads\/2019\/04\/Jo%C3%A3o-Cajuda-S%C3%A3o-Tom%C3%A9-e-Pr%C3%ADncipe-Sundy-Praia-Ro%C3%A7a-Sundy-Bom-Bom-Omali-Para%C3%ADso-Praia-Destinos-Ilha-do-Pr%C3%ADncipe-01897.jpg?w=1200&amp;ssl=1 1200w\" sizes=\"auto, (max-width: 850px) 100vw, 850px\" \/><\/p>\n<p><img data-recalc-dims=\"1\" loading=\"lazy\" decoding=\"async\" data-attachment-id=\"7019\" data-permalink=\"https:\/\/joaocajuda.com\/pt\/sundy-praia\/joao-cajuda-sao-tome-e-principe-sundy-praia-roca-sundy-bom-bom-omali-paraiso-praia-destinos-ilha-do-principe-01880\/\" data-orig-file=\"https:\/\/i0.wp.com\/joaocajuda.com\/pt\/assets\/uploads\/2019\/04\/Jo%C3%A3o-Cajuda-S%C3%A3o-Tom%C3%A9-e-Pr%C3%ADncipe-Sundy-Praia-Ro%C3%A7a-Sundy-Bom-Bom-Omali-Para%C3%ADso-Praia-Destinos-Ilha-do-Pr%C3%ADncipe-01880.jpg?fit=1200%2C802&amp;ssl=1\" data-orig-size=\"1200,802\" data-comments-opened=\"1\" data-image-meta=\"{&quot;aperture&quot;:&quot;4&quot;,&quot;credit&quot;:&quot;@joaocajuda joaocajuda.com&quot;,&quot;camera&quot;:&quot;ILCE-7SM2&quot;,&quot;caption&quot;:&quot;&quot;,&quot;created_timestamp&quot;:&quot;1550060265&quot;,&quot;copyright&quot;:&quot;joaocajuda.com&quot;,&quot;focal_length&quot;:&quot;12&quot;,&quot;iso&quot;:&quot;200&quot;,&quot;shutter_speed&quot;:&quot;0.00625&quot;,&quot;title&quot;:&quot;&quot;,&quot;orientation&quot;:&quot;1&quot;}\" data-image-title=\"Jo\u00e3o Cajuda &amp;#8211; S\u00e3o Tom\u00e9 e Pr\u00edncipe, Sundy Praia, Ro\u00e7a Sundy, Bom Bom, Omali, Para\u00edso, Praia, Destinos, Ilha do Pr\u00edncipe-01880\" data-image-description=\"\" data-image-caption=\"\" data-medium-file=\"https:\/\/i0.wp.com\/joaocajuda.com\/pt\/assets\/uploads\/2019\/04\/Jo%C3%A3o-Cajuda-S%C3%A3o-Tom%C3%A9-e-Pr%C3%ADncipe-Sundy-Praia-Ro%C3%A7a-Sundy-Bom-Bom-Omali-Para%C3%ADso-Praia-Destinos-Ilha-do-Pr%C3%ADncipe-01880.jpg?fit=850%2C568&amp;ssl=1\" data-large-file=\"https:\/\/i0.wp.com\/joaocajuda.com\/pt\/assets\/uploads\/2019\/04\/Jo%C3%A3o-Cajuda-S%C3%A3o-Tom%C3%A9-e-Pr%C3%ADncipe-Sundy-Praia-Ro%C3%A7a-Sundy-Bom-Bom-Omali-Para%C3%ADso-Praia-Destinos-Ilha-do-Pr%C3%ADncipe-01880.jpg?fit=960%2C641&amp;ssl=1\" class=\"alignnone size-medium wp-image-7019\" src=\"https:\/\/i0.wp.com\/joaocajuda.com\/pt\/assets\/uploads\/2019\/04\/Jo%C3%A3o-Cajuda-S%C3%A3o-Tom%C3%A9-e-Pr%C3%ADncipe-Sundy-Praia-Ro%C3%A7a-Sundy-Bom-Bom-Omali-Para%C3%ADso-Praia-Destinos-Ilha-do-Pr%C3%ADncipe-01880.jpg?resize=850%2C568&#038;ssl=1\" alt=\"\" width=\"850\" height=\"568\" srcset=\"https:\/\/i0.wp.com\/joaocajuda.com\/pt\/assets\/uploads\/2019\/04\/Jo%C3%A3o-Cajuda-S%C3%A3o-Tom%C3%A9-e-Pr%C3%ADncipe-Sundy-Praia-Ro%C3%A7a-Sundy-Bom-Bom-Omali-Para%C3%ADso-Praia-Destinos-Ilha-do-Pr%C3%ADncipe-01880.jpg?resize=850%2C568&amp;ssl=1 850w, https:\/\/i0.wp.com\/joaocajuda.com\/pt\/assets\/uploads\/2019\/04\/Jo%C3%A3o-Cajuda-S%C3%A3o-Tom%C3%A9-e-Pr%C3%ADncipe-Sundy-Praia-Ro%C3%A7a-Sundy-Bom-Bom-Omali-Para%C3%ADso-Praia-Destinos-Ilha-do-Pr%C3%ADncipe-01880.jpg?resize=768%2C513&amp;ssl=1 768w, https:\/\/i0.wp.com\/joaocajuda.com\/pt\/assets\/uploads\/2019\/04\/Jo%C3%A3o-Cajuda-S%C3%A3o-Tom%C3%A9-e-Pr%C3%ADncipe-Sundy-Praia-Ro%C3%A7a-Sundy-Bom-Bom-Omali-Para%C3%ADso-Praia-Destinos-Ilha-do-Pr%C3%ADncipe-01880.jpg?resize=1024%2C684&amp;ssl=1 1024w, https:\/\/i0.wp.com\/joaocajuda.com\/pt\/assets\/uploads\/2019\/04\/Jo%C3%A3o-Cajuda-S%C3%A3o-Tom%C3%A9-e-Pr%C3%ADncipe-Sundy-Praia-Ro%C3%A7a-Sundy-Bom-Bom-Omali-Para%C3%ADso-Praia-Destinos-Ilha-do-Pr%C3%ADncipe-01880.jpg?w=1200&amp;ssl=1 1200w\" sizes=\"auto, (max-width: 850px) 100vw, 850px\" \/><\/p>\n<p><img data-recalc-dims=\"1\" loading=\"lazy\" decoding=\"async\" data-attachment-id=\"7017\" data-permalink=\"https:\/\/joaocajuda.com\/pt\/sundy-praia\/joao-cajuda-sao-tome-e-principe-sundy-praia-roca-sundy-bom-bom-omali-paraiso-praia-destinos-ilha-do-principe-01873\/\" data-orig-file=\"https:\/\/i0.wp.com\/joaocajuda.com\/pt\/assets\/uploads\/2019\/04\/Jo%C3%A3o-Cajuda-S%C3%A3o-Tom%C3%A9-e-Pr%C3%ADncipe-Sundy-Praia-Ro%C3%A7a-Sundy-Bom-Bom-Omali-Para%C3%ADso-Praia-Destinos-Ilha-do-Pr%C3%ADncipe-01873.jpg?fit=1200%2C802&amp;ssl=1\" data-orig-size=\"1200,802\" data-comments-opened=\"1\" data-image-meta=\"{&quot;aperture&quot;:&quot;4&quot;,&quot;credit&quot;:&quot;@joaocajuda joaocajuda.com&quot;,&quot;camera&quot;:&quot;ILCE-7SM2&quot;,&quot;caption&quot;:&quot;&quot;,&quot;created_timestamp&quot;:&quot;1550060109&quot;,&quot;copyright&quot;:&quot;joaocajuda.com&quot;,&quot;focal_length&quot;:&quot;12&quot;,&quot;iso&quot;:&quot;250&quot;,&quot;shutter_speed&quot;:&quot;0.00625&quot;,&quot;title&quot;:&quot;&quot;,&quot;orientation&quot;:&quot;1&quot;}\" data-image-title=\"Jo\u00e3o Cajuda &amp;#8211; S\u00e3o Tom\u00e9 e Pr\u00edncipe, Sundy Praia, Ro\u00e7a Sundy, Bom Bom, Omali, Para\u00edso, Praia, Destinos, Ilha do Pr\u00edncipe-01873\" data-image-description=\"\" data-image-caption=\"\" data-medium-file=\"https:\/\/i0.wp.com\/joaocajuda.com\/pt\/assets\/uploads\/2019\/04\/Jo%C3%A3o-Cajuda-S%C3%A3o-Tom%C3%A9-e-Pr%C3%ADncipe-Sundy-Praia-Ro%C3%A7a-Sundy-Bom-Bom-Omali-Para%C3%ADso-Praia-Destinos-Ilha-do-Pr%C3%ADncipe-01873.jpg?fit=850%2C568&amp;ssl=1\" data-large-file=\"https:\/\/i0.wp.com\/joaocajuda.com\/pt\/assets\/uploads\/2019\/04\/Jo%C3%A3o-Cajuda-S%C3%A3o-Tom%C3%A9-e-Pr%C3%ADncipe-Sundy-Praia-Ro%C3%A7a-Sundy-Bom-Bom-Omali-Para%C3%ADso-Praia-Destinos-Ilha-do-Pr%C3%ADncipe-01873.jpg?fit=960%2C641&amp;ssl=1\" class=\"alignnone size-medium wp-image-7017\" src=\"https:\/\/i0.wp.com\/joaocajuda.com\/pt\/assets\/uploads\/2019\/04\/Jo%C3%A3o-Cajuda-S%C3%A3o-Tom%C3%A9-e-Pr%C3%ADncipe-Sundy-Praia-Ro%C3%A7a-Sundy-Bom-Bom-Omali-Para%C3%ADso-Praia-Destinos-Ilha-do-Pr%C3%ADncipe-01873.jpg?resize=850%2C568&#038;ssl=1\" alt=\"\" width=\"850\" height=\"568\" srcset=\"https:\/\/i0.wp.com\/joaocajuda.com\/pt\/assets\/uploads\/2019\/04\/Jo%C3%A3o-Cajuda-S%C3%A3o-Tom%C3%A9-e-Pr%C3%ADncipe-Sundy-Praia-Ro%C3%A7a-Sundy-Bom-Bom-Omali-Para%C3%ADso-Praia-Destinos-Ilha-do-Pr%C3%ADncipe-01873.jpg?resize=850%2C568&amp;ssl=1 850w, https:\/\/i0.wp.com\/joaocajuda.com\/pt\/assets\/uploads\/2019\/04\/Jo%C3%A3o-Cajuda-S%C3%A3o-Tom%C3%A9-e-Pr%C3%ADncipe-Sundy-Praia-Ro%C3%A7a-Sundy-Bom-Bom-Omali-Para%C3%ADso-Praia-Destinos-Ilha-do-Pr%C3%ADncipe-01873.jpg?resize=768%2C513&amp;ssl=1 768w, https:\/\/i0.wp.com\/joaocajuda.com\/pt\/assets\/uploads\/2019\/04\/Jo%C3%A3o-Cajuda-S%C3%A3o-Tom%C3%A9-e-Pr%C3%ADncipe-Sundy-Praia-Ro%C3%A7a-Sundy-Bom-Bom-Omali-Para%C3%ADso-Praia-Destinos-Ilha-do-Pr%C3%ADncipe-01873.jpg?resize=1024%2C684&amp;ssl=1 1024w, https:\/\/i0.wp.com\/joaocajuda.com\/pt\/assets\/uploads\/2019\/04\/Jo%C3%A3o-Cajuda-S%C3%A3o-Tom%C3%A9-e-Pr%C3%ADncipe-Sundy-Praia-Ro%C3%A7a-Sundy-Bom-Bom-Omali-Para%C3%ADso-Praia-Destinos-Ilha-do-Pr%C3%ADncipe-01873.jpg?w=1200&amp;ssl=1 1200w\" sizes=\"auto, (max-width: 850px) 100vw, 850px\" \/><\/p>\n<div class=\"one_half\"><img data-recalc-dims=\"1\" loading=\"lazy\" decoding=\"async\" data-attachment-id=\"7161\" data-permalink=\"https:\/\/joaocajuda.com\/pt\/sundy-praia\/joao-cajuda-sao-tome-e-principe-sundy-praia-roca-sundy-bom-bom-omali-paraiso-praia-destinos-ilha-do-principe-01866\/\" data-orig-file=\"https:\/\/i0.wp.com\/joaocajuda.com\/pt\/assets\/uploads\/2019\/04\/Jo%C3%A3o-Cajuda-S%C3%A3o-Tom%C3%A9-e-Pr%C3%ADncipe-Sundy-Praia-Ro%C3%A7a-Sundy-Bom-Bom-Omali-Para%C3%ADso-Praia-Destinos-Ilha-do-Pr%C3%ADncipe-01866.jpg?fit=800%2C1198&amp;ssl=1\" data-orig-size=\"800,1198\" data-comments-opened=\"1\" data-image-meta=\"{&quot;aperture&quot;:&quot;4&quot;,&quot;credit&quot;:&quot;@joaocajuda joaocajuda.com&quot;,&quot;camera&quot;:&quot;ILCE-7SM2&quot;,&quot;caption&quot;:&quot;&quot;,&quot;created_timestamp&quot;:&quot;1550059991&quot;,&quot;copyright&quot;:&quot;joaocajuda.com&quot;,&quot;focal_length&quot;:&quot;12&quot;,&quot;iso&quot;:&quot;500&quot;,&quot;shutter_speed&quot;:&quot;0.016666666666667&quot;,&quot;title&quot;:&quot;&quot;,&quot;orientation&quot;:&quot;1&quot;}\" data-image-title=\"Jo\u00e3o Cajuda &amp;#8211; S\u00e3o Tom\u00e9 e Pr\u00edncipe, Sundy Praia, Ro\u00e7a Sundy, Bom Bom, Omali, Para\u00edso, Praia, Destinos, Ilha do Pr\u00edncipe-01866\" data-image-description=\"\" data-image-caption=\"\" data-medium-file=\"https:\/\/i0.wp.com\/joaocajuda.com\/pt\/assets\/uploads\/2019\/04\/Jo%C3%A3o-Cajuda-S%C3%A3o-Tom%C3%A9-e-Pr%C3%ADncipe-Sundy-Praia-Ro%C3%A7a-Sundy-Bom-Bom-Omali-Para%C3%ADso-Praia-Destinos-Ilha-do-Pr%C3%ADncipe-01866.jpg?fit=800%2C1198&amp;ssl=1\" data-large-file=\"https:\/\/i0.wp.com\/joaocajuda.com\/pt\/assets\/uploads\/2019\/04\/Jo%C3%A3o-Cajuda-S%C3%A3o-Tom%C3%A9-e-Pr%C3%ADncipe-Sundy-Praia-Ro%C3%A7a-Sundy-Bom-Bom-Omali-Para%C3%ADso-Praia-Destinos-Ilha-do-Pr%C3%ADncipe-01866.jpg?fit=684%2C1024&amp;ssl=1\" class=\"alignnone size-full wp-image-7161\" src=\"https:\/\/i0.wp.com\/joaocajuda.com\/pt\/assets\/uploads\/2019\/04\/Jo%C3%A3o-Cajuda-S%C3%A3o-Tom%C3%A9-e-Pr%C3%ADncipe-Sundy-Praia-Ro%C3%A7a-Sundy-Bom-Bom-Omali-Para%C3%ADso-Praia-Destinos-Ilha-do-Pr%C3%ADncipe-01866.jpg?resize=800%2C1198&#038;ssl=1\" alt=\"\" width=\"800\" height=\"1198\" srcset=\"https:\/\/i0.wp.com\/joaocajuda.com\/pt\/assets\/uploads\/2019\/04\/Jo%C3%A3o-Cajuda-S%C3%A3o-Tom%C3%A9-e-Pr%C3%ADncipe-Sundy-Praia-Ro%C3%A7a-Sundy-Bom-Bom-Omali-Para%C3%ADso-Praia-Destinos-Ilha-do-Pr%C3%ADncipe-01866.jpg?w=800&amp;ssl=1 800w, https:\/\/i0.wp.com\/joaocajuda.com\/pt\/assets\/uploads\/2019\/04\/Jo%C3%A3o-Cajuda-S%C3%A3o-Tom%C3%A9-e-Pr%C3%ADncipe-Sundy-Praia-Ro%C3%A7a-Sundy-Bom-Bom-Omali-Para%C3%ADso-Praia-Destinos-Ilha-do-Pr%C3%ADncipe-01866.jpg?resize=768%2C1150&amp;ssl=1 768w, https:\/\/i0.wp.com\/joaocajuda.com\/pt\/assets\/uploads\/2019\/04\/Jo%C3%A3o-Cajuda-S%C3%A3o-Tom%C3%A9-e-Pr%C3%ADncipe-Sundy-Praia-Ro%C3%A7a-Sundy-Bom-Bom-Omali-Para%C3%ADso-Praia-Destinos-Ilha-do-Pr%C3%ADncipe-01866.jpg?resize=684%2C1024&amp;ssl=1 684w\" sizes=\"auto, (max-width: 800px) 100vw, 800px\" \/> <\/div>\n<div class=\"one_half last\"><img data-recalc-dims=\"1\" loading=\"lazy\" decoding=\"async\" data-attachment-id=\"7167\" data-permalink=\"https:\/\/joaocajuda.com\/pt\/sundy-praia\/joao-cajuda-sao-tome-e-principe-sundy-praia-roca-sundy-bom-bom-omali-paraiso-praia-destinos-ilha-do-principe-01888\/\" data-orig-file=\"https:\/\/i0.wp.com\/joaocajuda.com\/pt\/assets\/uploads\/2019\/04\/Jo%C3%A3o-Cajuda-S%C3%A3o-Tom%C3%A9-e-Pr%C3%ADncipe-Sundy-Praia-Ro%C3%A7a-Sundy-Bom-Bom-Omali-Para%C3%ADso-Praia-Destinos-Ilha-do-Pr%C3%ADncipe-01888.jpg?fit=800%2C1198&amp;ssl=1\" data-orig-size=\"800,1198\" data-comments-opened=\"1\" data-image-meta=\"{&quot;aperture&quot;:&quot;4&quot;,&quot;credit&quot;:&quot;@joaocajuda joaocajuda.com&quot;,&quot;camera&quot;:&quot;ILCE-7SM2&quot;,&quot;caption&quot;:&quot;&quot;,&quot;created_timestamp&quot;:&quot;1550060397&quot;,&quot;copyright&quot;:&quot;joaocajuda.com&quot;,&quot;focal_length&quot;:&quot;12&quot;,&quot;iso&quot;:&quot;8000&quot;,&quot;shutter_speed&quot;:&quot;0.00625&quot;,&quot;title&quot;:&quot;&quot;,&quot;orientation&quot;:&quot;1&quot;}\" data-image-title=\"Jo\u00e3o Cajuda &amp;#8211; S\u00e3o Tom\u00e9 e Pr\u00edncipe, Sundy Praia, Ro\u00e7a Sundy, Bom Bom, Omali, Para\u00edso, Praia, Destinos, Ilha do Pr\u00edncipe-01888\" data-image-description=\"\" data-image-caption=\"\" data-medium-file=\"https:\/\/i0.wp.com\/joaocajuda.com\/pt\/assets\/uploads\/2019\/04\/Jo%C3%A3o-Cajuda-S%C3%A3o-Tom%C3%A9-e-Pr%C3%ADncipe-Sundy-Praia-Ro%C3%A7a-Sundy-Bom-Bom-Omali-Para%C3%ADso-Praia-Destinos-Ilha-do-Pr%C3%ADncipe-01888.jpg?fit=800%2C1198&amp;ssl=1\" data-large-file=\"https:\/\/i0.wp.com\/joaocajuda.com\/pt\/assets\/uploads\/2019\/04\/Jo%C3%A3o-Cajuda-S%C3%A3o-Tom%C3%A9-e-Pr%C3%ADncipe-Sundy-Praia-Ro%C3%A7a-Sundy-Bom-Bom-Omali-Para%C3%ADso-Praia-Destinos-Ilha-do-Pr%C3%ADncipe-01888.jpg?fit=684%2C1024&amp;ssl=1\" class=\"alignnone size-full wp-image-7167\" src=\"https:\/\/i0.wp.com\/joaocajuda.com\/pt\/assets\/uploads\/2019\/04\/Jo%C3%A3o-Cajuda-S%C3%A3o-Tom%C3%A9-e-Pr%C3%ADncipe-Sundy-Praia-Ro%C3%A7a-Sundy-Bom-Bom-Omali-Para%C3%ADso-Praia-Destinos-Ilha-do-Pr%C3%ADncipe-01888.jpg?resize=800%2C1198&#038;ssl=1\" alt=\"\" width=\"800\" height=\"1198\" srcset=\"https:\/\/i0.wp.com\/joaocajuda.com\/pt\/assets\/uploads\/2019\/04\/Jo%C3%A3o-Cajuda-S%C3%A3o-Tom%C3%A9-e-Pr%C3%ADncipe-Sundy-Praia-Ro%C3%A7a-Sundy-Bom-Bom-Omali-Para%C3%ADso-Praia-Destinos-Ilha-do-Pr%C3%ADncipe-01888.jpg?w=800&amp;ssl=1 800w, https:\/\/i0.wp.com\/joaocajuda.com\/pt\/assets\/uploads\/2019\/04\/Jo%C3%A3o-Cajuda-S%C3%A3o-Tom%C3%A9-e-Pr%C3%ADncipe-Sundy-Praia-Ro%C3%A7a-Sundy-Bom-Bom-Omali-Para%C3%ADso-Praia-Destinos-Ilha-do-Pr%C3%ADncipe-01888.jpg?resize=768%2C1150&amp;ssl=1 768w, https:\/\/i0.wp.com\/joaocajuda.com\/pt\/assets\/uploads\/2019\/04\/Jo%C3%A3o-Cajuda-S%C3%A3o-Tom%C3%A9-e-Pr%C3%ADncipe-Sundy-Praia-Ro%C3%A7a-Sundy-Bom-Bom-Omali-Para%C3%ADso-Praia-Destinos-Ilha-do-Pr%C3%ADncipe-01888.jpg?resize=684%2C1024&amp;ssl=1 684w\" sizes=\"auto, (max-width: 800px) 100vw, 800px\" \/>\u00a0<\/div>\n<div class=\"clearboth\"><\/div>\n<div class=\"one_half\"><img data-recalc-dims=\"1\" loading=\"lazy\" decoding=\"async\" data-attachment-id=\"7163\" data-permalink=\"https:\/\/joaocajuda.com\/pt\/sundy-praia\/joao-cajuda-sao-tome-e-principe-sundy-praia-roca-sundy-bom-bom-omali-paraiso-praia-destinos-ilha-do-principe-01872\/\" data-orig-file=\"https:\/\/i0.wp.com\/joaocajuda.com\/pt\/assets\/uploads\/2019\/04\/Jo%C3%A3o-Cajuda-S%C3%A3o-Tom%C3%A9-e-Pr%C3%ADncipe-Sundy-Praia-Ro%C3%A7a-Sundy-Bom-Bom-Omali-Para%C3%ADso-Praia-Destinos-Ilha-do-Pr%C3%ADncipe-01872.jpg?fit=800%2C1198&amp;ssl=1\" data-orig-size=\"800,1198\" data-comments-opened=\"1\" data-image-meta=\"{&quot;aperture&quot;:&quot;4&quot;,&quot;credit&quot;:&quot;@joaocajuda joaocajuda.com&quot;,&quot;camera&quot;:&quot;ILCE-7SM2&quot;,&quot;caption&quot;:&quot;&quot;,&quot;created_timestamp&quot;:&quot;1550060094&quot;,&quot;copyright&quot;:&quot;joaocajuda.com&quot;,&quot;focal_length&quot;:&quot;12&quot;,&quot;iso&quot;:&quot;100&quot;,&quot;shutter_speed&quot;:&quot;0.016666666666667&quot;,&quot;title&quot;:&quot;&quot;,&quot;orientation&quot;:&quot;1&quot;}\" data-image-title=\"Jo\u00e3o Cajuda &amp;#8211; S\u00e3o Tom\u00e9 e Pr\u00edncipe, Sundy Praia, Ro\u00e7a Sundy, Bom Bom, Omali, Para\u00edso, Praia, Destinos, Ilha do Pr\u00edncipe-01872\" data-image-description=\"\" data-image-caption=\"\" data-medium-file=\"https:\/\/i0.wp.com\/joaocajuda.com\/pt\/assets\/uploads\/2019\/04\/Jo%C3%A3o-Cajuda-S%C3%A3o-Tom%C3%A9-e-Pr%C3%ADncipe-Sundy-Praia-Ro%C3%A7a-Sundy-Bom-Bom-Omali-Para%C3%ADso-Praia-Destinos-Ilha-do-Pr%C3%ADncipe-01872.jpg?fit=800%2C1198&amp;ssl=1\" data-large-file=\"https:\/\/i0.wp.com\/joaocajuda.com\/pt\/assets\/uploads\/2019\/04\/Jo%C3%A3o-Cajuda-S%C3%A3o-Tom%C3%A9-e-Pr%C3%ADncipe-Sundy-Praia-Ro%C3%A7a-Sundy-Bom-Bom-Omali-Para%C3%ADso-Praia-Destinos-Ilha-do-Pr%C3%ADncipe-01872.jpg?fit=684%2C1024&amp;ssl=1\" class=\"alignnone size-full wp-image-7163\" src=\"https:\/\/i0.wp.com\/joaocajuda.com\/pt\/assets\/uploads\/2019\/04\/Jo%C3%A3o-Cajuda-S%C3%A3o-Tom%C3%A9-e-Pr%C3%ADncipe-Sundy-Praia-Ro%C3%A7a-Sundy-Bom-Bom-Omali-Para%C3%ADso-Praia-Destinos-Ilha-do-Pr%C3%ADncipe-01872.jpg?resize=800%2C1198&#038;ssl=1\" alt=\"\" width=\"800\" height=\"1198\" srcset=\"https:\/\/i0.wp.com\/joaocajuda.com\/pt\/assets\/uploads\/2019\/04\/Jo%C3%A3o-Cajuda-S%C3%A3o-Tom%C3%A9-e-Pr%C3%ADncipe-Sundy-Praia-Ro%C3%A7a-Sundy-Bom-Bom-Omali-Para%C3%ADso-Praia-Destinos-Ilha-do-Pr%C3%ADncipe-01872.jpg?w=800&amp;ssl=1 800w, https:\/\/i0.wp.com\/joaocajuda.com\/pt\/assets\/uploads\/2019\/04\/Jo%C3%A3o-Cajuda-S%C3%A3o-Tom%C3%A9-e-Pr%C3%ADncipe-Sundy-Praia-Ro%C3%A7a-Sundy-Bom-Bom-Omali-Para%C3%ADso-Praia-Destinos-Ilha-do-Pr%C3%ADncipe-01872.jpg?resize=768%2C1150&amp;ssl=1 768w, https:\/\/i0.wp.com\/joaocajuda.com\/pt\/assets\/uploads\/2019\/04\/Jo%C3%A3o-Cajuda-S%C3%A3o-Tom%C3%A9-e-Pr%C3%ADncipe-Sundy-Praia-Ro%C3%A7a-Sundy-Bom-Bom-Omali-Para%C3%ADso-Praia-Destinos-Ilha-do-Pr%C3%ADncipe-01872.jpg?resize=684%2C1024&amp;ssl=1 684w\" sizes=\"auto, (max-width: 800px) 100vw, 800px\" \/> <\/div>\n<div class=\"one_half last\"><img data-recalc-dims=\"1\" loading=\"lazy\" decoding=\"async\" data-attachment-id=\"7165\" data-permalink=\"https:\/\/joaocajuda.com\/pt\/sundy-praia\/joao-cajuda-sao-tome-e-principe-sundy-praia-roca-sundy-bom-bom-omali-paraiso-praia-destinos-ilha-do-principe-01884\/\" data-orig-file=\"https:\/\/i0.wp.com\/joaocajuda.com\/pt\/assets\/uploads\/2019\/04\/Jo%C3%A3o-Cajuda-S%C3%A3o-Tom%C3%A9-e-Pr%C3%ADncipe-Sundy-Praia-Ro%C3%A7a-Sundy-Bom-Bom-Omali-Para%C3%ADso-Praia-Destinos-Ilha-do-Pr%C3%ADncipe-01884.jpg?fit=800%2C1198&amp;ssl=1\" data-orig-size=\"800,1198\" data-comments-opened=\"1\" data-image-meta=\"{&quot;aperture&quot;:&quot;4&quot;,&quot;credit&quot;:&quot;@joaocajuda joaocajuda.com&quot;,&quot;camera&quot;:&quot;ILCE-7SM2&quot;,&quot;caption&quot;:&quot;&quot;,&quot;created_timestamp&quot;:&quot;1550060317&quot;,&quot;copyright&quot;:&quot;joaocajuda.com&quot;,&quot;focal_length&quot;:&quot;12&quot;,&quot;iso&quot;:&quot;250&quot;,&quot;shutter_speed&quot;:&quot;0.016666666666667&quot;,&quot;title&quot;:&quot;&quot;,&quot;orientation&quot;:&quot;1&quot;}\" data-image-title=\"Jo\u00e3o Cajuda &amp;#8211; S\u00e3o Tom\u00e9 e Pr\u00edncipe, Sundy Praia, Ro\u00e7a Sundy, Bom Bom, Omali, Para\u00edso, Praia, Destinos, Ilha do Pr\u00edncipe-01884\" data-image-description=\"\" data-image-caption=\"\" data-medium-file=\"https:\/\/i0.wp.com\/joaocajuda.com\/pt\/assets\/uploads\/2019\/04\/Jo%C3%A3o-Cajuda-S%C3%A3o-Tom%C3%A9-e-Pr%C3%ADncipe-Sundy-Praia-Ro%C3%A7a-Sundy-Bom-Bom-Omali-Para%C3%ADso-Praia-Destinos-Ilha-do-Pr%C3%ADncipe-01884.jpg?fit=800%2C1198&amp;ssl=1\" data-large-file=\"https:\/\/i0.wp.com\/joaocajuda.com\/pt\/assets\/uploads\/2019\/04\/Jo%C3%A3o-Cajuda-S%C3%A3o-Tom%C3%A9-e-Pr%C3%ADncipe-Sundy-Praia-Ro%C3%A7a-Sundy-Bom-Bom-Omali-Para%C3%ADso-Praia-Destinos-Ilha-do-Pr%C3%ADncipe-01884.jpg?fit=684%2C1024&amp;ssl=1\" class=\"alignnone size-full wp-image-7165\" src=\"https:\/\/i0.wp.com\/joaocajuda.com\/pt\/assets\/uploads\/2019\/04\/Jo%C3%A3o-Cajuda-S%C3%A3o-Tom%C3%A9-e-Pr%C3%ADncipe-Sundy-Praia-Ro%C3%A7a-Sundy-Bom-Bom-Omali-Para%C3%ADso-Praia-Destinos-Ilha-do-Pr%C3%ADncipe-01884.jpg?resize=800%2C1198&#038;ssl=1\" alt=\"\" width=\"800\" height=\"1198\" srcset=\"https:\/\/i0.wp.com\/joaocajuda.com\/pt\/assets\/uploads\/2019\/04\/Jo%C3%A3o-Cajuda-S%C3%A3o-Tom%C3%A9-e-Pr%C3%ADncipe-Sundy-Praia-Ro%C3%A7a-Sundy-Bom-Bom-Omali-Para%C3%ADso-Praia-Destinos-Ilha-do-Pr%C3%ADncipe-01884.jpg?w=800&amp;ssl=1 800w, https:\/\/i0.wp.com\/joaocajuda.com\/pt\/assets\/uploads\/2019\/04\/Jo%C3%A3o-Cajuda-S%C3%A3o-Tom%C3%A9-e-Pr%C3%ADncipe-Sundy-Praia-Ro%C3%A7a-Sundy-Bom-Bom-Omali-Para%C3%ADso-Praia-Destinos-Ilha-do-Pr%C3%ADncipe-01884.jpg?resize=768%2C1150&amp;ssl=1 768w, https:\/\/i0.wp.com\/joaocajuda.com\/pt\/assets\/uploads\/2019\/04\/Jo%C3%A3o-Cajuda-S%C3%A3o-Tom%C3%A9-e-Pr%C3%ADncipe-Sundy-Praia-Ro%C3%A7a-Sundy-Bom-Bom-Omali-Para%C3%ADso-Praia-Destinos-Ilha-do-Pr%C3%ADncipe-01884.jpg?resize=684%2C1024&amp;ssl=1 684w\" sizes=\"auto, (max-width: 800px) 100vw, 800px\" \/> <\/div>\n<div class=\"clearboth\"><\/div>\n<p>&nbsp;<\/p>\n<p>A cama King Size com rede mosquiteiro \u00e9 muito confort\u00e1vel, assim como toda a zona de estar, tornando o espa\u00e7o acolhedor, num misto de simplicidade que se enquadra em perfeita harmonia com a natureza l\u00e1 fora.<\/p>\n<p>A Villa tem tamb\u00e9m um terra\u00e7o no exterior rodeado de vegeta\u00e7\u00e3o tropical e que d\u00e1 acesso \u00e0 praia onde podes usufruir de um baloi\u00e7o e espregui\u00e7adeiras em frente ao mar. A piscina infinita do resort est\u00e1 envolta em basalto preto e disp\u00f5e de camas lounge com vista para a praia.<\/p>\n<p>O Spa do hotel ainda estava na \u00faltima fase de constru\u00e7\u00e3o, sendo que actualmente uma das villas serve de espa\u00e7o para os tratamentos de relaxamento. O hotel oferece uma massagem de boas vindas de 15 minutos para ajudar a deixares o stress para tr\u00e1s. Este foi o terceiro hotel em que oferecem massagens de boas vindas, um mimo que faz toda a diferen\u00e7a.<\/p>\n<div class=\"one_half\"><img data-recalc-dims=\"1\" loading=\"lazy\" decoding=\"async\" data-attachment-id=\"7168\" data-permalink=\"https:\/\/joaocajuda.com\/pt\/sundy-praia\/joao-cajuda-sao-tome-e-principe-sundy-praia-roca-sundy-bom-bom-omali-paraiso-praia-destinos-ilha-do-principe-01891\/\" data-orig-file=\"https:\/\/i0.wp.com\/joaocajuda.com\/pt\/assets\/uploads\/2019\/04\/Jo%C3%A3o-Cajuda-S%C3%A3o-Tom%C3%A9-e-Pr%C3%ADncipe-Sundy-Praia-Ro%C3%A7a-Sundy-Bom-Bom-Omali-Para%C3%ADso-Praia-Destinos-Ilha-do-Pr%C3%ADncipe-01891.jpg?fit=800%2C1198&amp;ssl=1\" data-orig-size=\"800,1198\" data-comments-opened=\"1\" data-image-meta=\"{&quot;aperture&quot;:&quot;4&quot;,&quot;credit&quot;:&quot;@joaocajuda joaocajuda.com&quot;,&quot;camera&quot;:&quot;ILCE-7SM2&quot;,&quot;caption&quot;:&quot;&quot;,&quot;created_timestamp&quot;:&quot;1550060518&quot;,&quot;copyright&quot;:&quot;joaocajuda.com&quot;,&quot;focal_length&quot;:&quot;24&quot;,&quot;iso&quot;:&quot;125&quot;,&quot;shutter_speed&quot;:&quot;0.016666666666667&quot;,&quot;title&quot;:&quot;&quot;,&quot;orientation&quot;:&quot;1&quot;}\" data-image-title=\"Jo\u00e3o Cajuda &amp;#8211; S\u00e3o Tom\u00e9 e Pr\u00edncipe, Sundy Praia, Ro\u00e7a Sundy, Bom Bom, Omali, Para\u00edso, Praia, Destinos, Ilha do Pr\u00edncipe-01891\" data-image-description=\"\" data-image-caption=\"\" data-medium-file=\"https:\/\/i0.wp.com\/joaocajuda.com\/pt\/assets\/uploads\/2019\/04\/Jo%C3%A3o-Cajuda-S%C3%A3o-Tom%C3%A9-e-Pr%C3%ADncipe-Sundy-Praia-Ro%C3%A7a-Sundy-Bom-Bom-Omali-Para%C3%ADso-Praia-Destinos-Ilha-do-Pr%C3%ADncipe-01891.jpg?fit=800%2C1198&amp;ssl=1\" data-large-file=\"https:\/\/i0.wp.com\/joaocajuda.com\/pt\/assets\/uploads\/2019\/04\/Jo%C3%A3o-Cajuda-S%C3%A3o-Tom%C3%A9-e-Pr%C3%ADncipe-Sundy-Praia-Ro%C3%A7a-Sundy-Bom-Bom-Omali-Para%C3%ADso-Praia-Destinos-Ilha-do-Pr%C3%ADncipe-01891.jpg?fit=684%2C1024&amp;ssl=1\" class=\"alignnone size-full wp-image-7168\" src=\"https:\/\/i0.wp.com\/joaocajuda.com\/pt\/assets\/uploads\/2019\/04\/Jo%C3%A3o-Cajuda-S%C3%A3o-Tom%C3%A9-e-Pr%C3%ADncipe-Sundy-Praia-Ro%C3%A7a-Sundy-Bom-Bom-Omali-Para%C3%ADso-Praia-Destinos-Ilha-do-Pr%C3%ADncipe-01891.jpg?resize=800%2C1198&#038;ssl=1\" alt=\"\" width=\"800\" height=\"1198\" srcset=\"https:\/\/i0.wp.com\/joaocajuda.com\/pt\/assets\/uploads\/2019\/04\/Jo%C3%A3o-Cajuda-S%C3%A3o-Tom%C3%A9-e-Pr%C3%ADncipe-Sundy-Praia-Ro%C3%A7a-Sundy-Bom-Bom-Omali-Para%C3%ADso-Praia-Destinos-Ilha-do-Pr%C3%ADncipe-01891.jpg?w=800&amp;ssl=1 800w, https:\/\/i0.wp.com\/joaocajuda.com\/pt\/assets\/uploads\/2019\/04\/Jo%C3%A3o-Cajuda-S%C3%A3o-Tom%C3%A9-e-Pr%C3%ADncipe-Sundy-Praia-Ro%C3%A7a-Sundy-Bom-Bom-Omali-Para%C3%ADso-Praia-Destinos-Ilha-do-Pr%C3%ADncipe-01891.jpg?resize=768%2C1150&amp;ssl=1 768w, https:\/\/i0.wp.com\/joaocajuda.com\/pt\/assets\/uploads\/2019\/04\/Jo%C3%A3o-Cajuda-S%C3%A3o-Tom%C3%A9-e-Pr%C3%ADncipe-Sundy-Praia-Ro%C3%A7a-Sundy-Bom-Bom-Omali-Para%C3%ADso-Praia-Destinos-Ilha-do-Pr%C3%ADncipe-01891.jpg?resize=684%2C1024&amp;ssl=1 684w\" sizes=\"auto, (max-width: 800px) 100vw, 800px\" \/> <\/div>\n<div class=\"one_half last\"><img data-recalc-dims=\"1\" loading=\"lazy\" decoding=\"async\" data-attachment-id=\"7173\" data-permalink=\"https:\/\/joaocajuda.com\/pt\/sundy-praia\/joao-cajuda-sao-tome-e-principe-sundy-praia-roca-sundy-bom-bom-omali-paraiso-praia-destinos-ilha-do-principe-01913\/\" data-orig-file=\"https:\/\/i0.wp.com\/joaocajuda.com\/pt\/assets\/uploads\/2019\/04\/Jo%C3%A3o-Cajuda-S%C3%A3o-Tom%C3%A9-e-Pr%C3%ADncipe-Sundy-Praia-Ro%C3%A7a-Sundy-Bom-Bom-Omali-Para%C3%ADso-Praia-Destinos-Ilha-do-Pr%C3%ADncipe-01913.jpg?fit=800%2C1198&amp;ssl=1\" data-orig-size=\"800,1198\" data-comments-opened=\"1\" data-image-meta=\"{&quot;aperture&quot;:&quot;5.6&quot;,&quot;credit&quot;:&quot;@joaocajuda joaocajuda.com&quot;,&quot;camera&quot;:&quot;ILCE-7SM2&quot;,&quot;caption&quot;:&quot;&quot;,&quot;created_timestamp&quot;:&quot;1550069625&quot;,&quot;copyright&quot;:&quot;joaocajuda.com&quot;,&quot;focal_length&quot;:&quot;12&quot;,&quot;iso&quot;:&quot;100&quot;,&quot;shutter_speed&quot;:&quot;0.016666666666667&quot;,&quot;title&quot;:&quot;&quot;,&quot;orientation&quot;:&quot;1&quot;}\" data-image-title=\"Jo\u00e3o Cajuda &amp;#8211; S\u00e3o Tom\u00e9 e Pr\u00edncipe, Sundy Praia, Ro\u00e7a Sundy, Bom Bom, Omali, Para\u00edso, Praia, Destinos, Ilha do Pr\u00edncipe-01913\" data-image-description=\"\" data-image-caption=\"\" data-medium-file=\"https:\/\/i0.wp.com\/joaocajuda.com\/pt\/assets\/uploads\/2019\/04\/Jo%C3%A3o-Cajuda-S%C3%A3o-Tom%C3%A9-e-Pr%C3%ADncipe-Sundy-Praia-Ro%C3%A7a-Sundy-Bom-Bom-Omali-Para%C3%ADso-Praia-Destinos-Ilha-do-Pr%C3%ADncipe-01913.jpg?fit=800%2C1198&amp;ssl=1\" data-large-file=\"https:\/\/i0.wp.com\/joaocajuda.com\/pt\/assets\/uploads\/2019\/04\/Jo%C3%A3o-Cajuda-S%C3%A3o-Tom%C3%A9-e-Pr%C3%ADncipe-Sundy-Praia-Ro%C3%A7a-Sundy-Bom-Bom-Omali-Para%C3%ADso-Praia-Destinos-Ilha-do-Pr%C3%ADncipe-01913.jpg?fit=684%2C1024&amp;ssl=1\" class=\"alignnone size-full wp-image-7173\" src=\"https:\/\/i0.wp.com\/joaocajuda.com\/pt\/assets\/uploads\/2019\/04\/Jo%C3%A3o-Cajuda-S%C3%A3o-Tom%C3%A9-e-Pr%C3%ADncipe-Sundy-Praia-Ro%C3%A7a-Sundy-Bom-Bom-Omali-Para%C3%ADso-Praia-Destinos-Ilha-do-Pr%C3%ADncipe-01913.jpg?resize=800%2C1198&#038;ssl=1\" alt=\"\" width=\"800\" height=\"1198\" srcset=\"https:\/\/i0.wp.com\/joaocajuda.com\/pt\/assets\/uploads\/2019\/04\/Jo%C3%A3o-Cajuda-S%C3%A3o-Tom%C3%A9-e-Pr%C3%ADncipe-Sundy-Praia-Ro%C3%A7a-Sundy-Bom-Bom-Omali-Para%C3%ADso-Praia-Destinos-Ilha-do-Pr%C3%ADncipe-01913.jpg?w=800&amp;ssl=1 800w, https:\/\/i0.wp.com\/joaocajuda.com\/pt\/assets\/uploads\/2019\/04\/Jo%C3%A3o-Cajuda-S%C3%A3o-Tom%C3%A9-e-Pr%C3%ADncipe-Sundy-Praia-Ro%C3%A7a-Sundy-Bom-Bom-Omali-Para%C3%ADso-Praia-Destinos-Ilha-do-Pr%C3%ADncipe-01913.jpg?resize=768%2C1150&amp;ssl=1 768w, https:\/\/i0.wp.com\/joaocajuda.com\/pt\/assets\/uploads\/2019\/04\/Jo%C3%A3o-Cajuda-S%C3%A3o-Tom%C3%A9-e-Pr%C3%ADncipe-Sundy-Praia-Ro%C3%A7a-Sundy-Bom-Bom-Omali-Para%C3%ADso-Praia-Destinos-Ilha-do-Pr%C3%ADncipe-01913.jpg?resize=684%2C1024&amp;ssl=1 684w\" sizes=\"auto, (max-width: 800px) 100vw, 800px\" \/> <\/div>\n<div class=\"clearboth\"><\/div>\n<p>&nbsp;<\/p>\n<p><img data-recalc-dims=\"1\" loading=\"lazy\" decoding=\"async\" data-attachment-id=\"7022\" data-permalink=\"https:\/\/joaocajuda.com\/pt\/sundy-praia\/joao-cajuda-sao-tome-e-principe-sundy-praia-roca-sundy-bom-bom-omali-paraiso-praia-destinos-ilha-do-principe-01901\/\" data-orig-file=\"https:\/\/i0.wp.com\/joaocajuda.com\/pt\/assets\/uploads\/2019\/04\/Jo%C3%A3o-Cajuda-S%C3%A3o-Tom%C3%A9-e-Pr%C3%ADncipe-Sundy-Praia-Ro%C3%A7a-Sundy-Bom-Bom-Omali-Para%C3%ADso-Praia-Destinos-Ilha-do-Pr%C3%ADncipe-01901.jpg?fit=1200%2C802&amp;ssl=1\" data-orig-size=\"1200,802\" data-comments-opened=\"1\" data-image-meta=\"{&quot;aperture&quot;:&quot;7.1&quot;,&quot;credit&quot;:&quot;@joaocajuda joaocajuda.com&quot;,&quot;camera&quot;:&quot;ILCE-7SM2&quot;,&quot;caption&quot;:&quot;&quot;,&quot;created_timestamp&quot;:&quot;1550064463&quot;,&quot;copyright&quot;:&quot;joaocajuda.com&quot;,&quot;focal_length&quot;:&quot;12&quot;,&quot;iso&quot;:&quot;100&quot;,&quot;shutter_speed&quot;:&quot;0.0125&quot;,&quot;title&quot;:&quot;&quot;,&quot;orientation&quot;:&quot;1&quot;}\" data-image-title=\"Jo\u00e3o Cajuda &amp;#8211; S\u00e3o Tom\u00e9 e Pr\u00edncipe, Sundy Praia, Ro\u00e7a Sundy, Bom Bom, Omali, Para\u00edso, Praia, Destinos, Ilha do Pr\u00edncipe-01901\" data-image-description=\"\" data-image-caption=\"\" data-medium-file=\"https:\/\/i0.wp.com\/joaocajuda.com\/pt\/assets\/uploads\/2019\/04\/Jo%C3%A3o-Cajuda-S%C3%A3o-Tom%C3%A9-e-Pr%C3%ADncipe-Sundy-Praia-Ro%C3%A7a-Sundy-Bom-Bom-Omali-Para%C3%ADso-Praia-Destinos-Ilha-do-Pr%C3%ADncipe-01901.jpg?fit=850%2C568&amp;ssl=1\" data-large-file=\"https:\/\/i0.wp.com\/joaocajuda.com\/pt\/assets\/uploads\/2019\/04\/Jo%C3%A3o-Cajuda-S%C3%A3o-Tom%C3%A9-e-Pr%C3%ADncipe-Sundy-Praia-Ro%C3%A7a-Sundy-Bom-Bom-Omali-Para%C3%ADso-Praia-Destinos-Ilha-do-Pr%C3%ADncipe-01901.jpg?fit=960%2C641&amp;ssl=1\" class=\"alignnone size-medium wp-image-7022\" src=\"https:\/\/i0.wp.com\/joaocajuda.com\/pt\/assets\/uploads\/2019\/04\/Jo%C3%A3o-Cajuda-S%C3%A3o-Tom%C3%A9-e-Pr%C3%ADncipe-Sundy-Praia-Ro%C3%A7a-Sundy-Bom-Bom-Omali-Para%C3%ADso-Praia-Destinos-Ilha-do-Pr%C3%ADncipe-01901.jpg?resize=850%2C568&#038;ssl=1\" alt=\"\" width=\"850\" height=\"568\" srcset=\"https:\/\/i0.wp.com\/joaocajuda.com\/pt\/assets\/uploads\/2019\/04\/Jo%C3%A3o-Cajuda-S%C3%A3o-Tom%C3%A9-e-Pr%C3%ADncipe-Sundy-Praia-Ro%C3%A7a-Sundy-Bom-Bom-Omali-Para%C3%ADso-Praia-Destinos-Ilha-do-Pr%C3%ADncipe-01901.jpg?resize=850%2C568&amp;ssl=1 850w, https:\/\/i0.wp.com\/joaocajuda.com\/pt\/assets\/uploads\/2019\/04\/Jo%C3%A3o-Cajuda-S%C3%A3o-Tom%C3%A9-e-Pr%C3%ADncipe-Sundy-Praia-Ro%C3%A7a-Sundy-Bom-Bom-Omali-Para%C3%ADso-Praia-Destinos-Ilha-do-Pr%C3%ADncipe-01901.jpg?resize=768%2C513&amp;ssl=1 768w, https:\/\/i0.wp.com\/joaocajuda.com\/pt\/assets\/uploads\/2019\/04\/Jo%C3%A3o-Cajuda-S%C3%A3o-Tom%C3%A9-e-Pr%C3%ADncipe-Sundy-Praia-Ro%C3%A7a-Sundy-Bom-Bom-Omali-Para%C3%ADso-Praia-Destinos-Ilha-do-Pr%C3%ADncipe-01901.jpg?resize=1024%2C684&amp;ssl=1 1024w, https:\/\/i0.wp.com\/joaocajuda.com\/pt\/assets\/uploads\/2019\/04\/Jo%C3%A3o-Cajuda-S%C3%A3o-Tom%C3%A9-e-Pr%C3%ADncipe-Sundy-Praia-Ro%C3%A7a-Sundy-Bom-Bom-Omali-Para%C3%ADso-Praia-Destinos-Ilha-do-Pr%C3%ADncipe-01901.jpg?w=1200&amp;ssl=1 1200w\" sizes=\"auto, (max-width: 850px) 100vw, 850px\" \/><\/p>\n<p><img data-recalc-dims=\"1\" loading=\"lazy\" decoding=\"async\" data-attachment-id=\"7023\" data-permalink=\"https:\/\/joaocajuda.com\/pt\/sundy-praia\/joao-cajuda-sao-tome-e-principe-sundy-praia-roca-sundy-bom-bom-omali-paraiso-praia-destinos-ilha-do-principe-01906\/\" data-orig-file=\"https:\/\/i0.wp.com\/joaocajuda.com\/pt\/assets\/uploads\/2019\/04\/Jo%C3%A3o-Cajuda-S%C3%A3o-Tom%C3%A9-e-Pr%C3%ADncipe-Sundy-Praia-Ro%C3%A7a-Sundy-Bom-Bom-Omali-Para%C3%ADso-Praia-Destinos-Ilha-do-Pr%C3%ADncipe-01906.jpg?fit=1200%2C802&amp;ssl=1\" data-orig-size=\"1200,802\" data-comments-opened=\"1\" data-image-meta=\"{&quot;aperture&quot;:&quot;4&quot;,&quot;credit&quot;:&quot;@joaocajuda joaocajuda.com&quot;,&quot;camera&quot;:&quot;ILCE-7SM2&quot;,&quot;caption&quot;:&quot;&quot;,&quot;created_timestamp&quot;:&quot;1550066734&quot;,&quot;copyright&quot;:&quot;joaocajuda.com&quot;,&quot;focal_length&quot;:&quot;12&quot;,&quot;iso&quot;:&quot;250&quot;,&quot;shutter_speed&quot;:&quot;0.00625&quot;,&quot;title&quot;:&quot;&quot;,&quot;orientation&quot;:&quot;1&quot;}\" data-image-title=\"Jo\u00e3o Cajuda &amp;#8211; S\u00e3o Tom\u00e9 e Pr\u00edncipe, Sundy Praia, Ro\u00e7a Sundy, Bom Bom, Omali, Para\u00edso, Praia, Destinos, Ilha do Pr\u00edncipe-01906\" data-image-description=\"\" data-image-caption=\"\" data-medium-file=\"https:\/\/i0.wp.com\/joaocajuda.com\/pt\/assets\/uploads\/2019\/04\/Jo%C3%A3o-Cajuda-S%C3%A3o-Tom%C3%A9-e-Pr%C3%ADncipe-Sundy-Praia-Ro%C3%A7a-Sundy-Bom-Bom-Omali-Para%C3%ADso-Praia-Destinos-Ilha-do-Pr%C3%ADncipe-01906.jpg?fit=850%2C568&amp;ssl=1\" data-large-file=\"https:\/\/i0.wp.com\/joaocajuda.com\/pt\/assets\/uploads\/2019\/04\/Jo%C3%A3o-Cajuda-S%C3%A3o-Tom%C3%A9-e-Pr%C3%ADncipe-Sundy-Praia-Ro%C3%A7a-Sundy-Bom-Bom-Omali-Para%C3%ADso-Praia-Destinos-Ilha-do-Pr%C3%ADncipe-01906.jpg?fit=960%2C641&amp;ssl=1\" class=\"alignnone size-medium wp-image-7023\" src=\"https:\/\/i0.wp.com\/joaocajuda.com\/pt\/assets\/uploads\/2019\/04\/Jo%C3%A3o-Cajuda-S%C3%A3o-Tom%C3%A9-e-Pr%C3%ADncipe-Sundy-Praia-Ro%C3%A7a-Sundy-Bom-Bom-Omali-Para%C3%ADso-Praia-Destinos-Ilha-do-Pr%C3%ADncipe-01906.jpg?resize=850%2C568&#038;ssl=1\" alt=\"\" width=\"850\" height=\"568\" srcset=\"https:\/\/i0.wp.com\/joaocajuda.com\/pt\/assets\/uploads\/2019\/04\/Jo%C3%A3o-Cajuda-S%C3%A3o-Tom%C3%A9-e-Pr%C3%ADncipe-Sundy-Praia-Ro%C3%A7a-Sundy-Bom-Bom-Omali-Para%C3%ADso-Praia-Destinos-Ilha-do-Pr%C3%ADncipe-01906.jpg?resize=850%2C568&amp;ssl=1 850w, https:\/\/i0.wp.com\/joaocajuda.com\/pt\/assets\/uploads\/2019\/04\/Jo%C3%A3o-Cajuda-S%C3%A3o-Tom%C3%A9-e-Pr%C3%ADncipe-Sundy-Praia-Ro%C3%A7a-Sundy-Bom-Bom-Omali-Para%C3%ADso-Praia-Destinos-Ilha-do-Pr%C3%ADncipe-01906.jpg?resize=768%2C513&amp;ssl=1 768w, https:\/\/i0.wp.com\/joaocajuda.com\/pt\/assets\/uploads\/2019\/04\/Jo%C3%A3o-Cajuda-S%C3%A3o-Tom%C3%A9-e-Pr%C3%ADncipe-Sundy-Praia-Ro%C3%A7a-Sundy-Bom-Bom-Omali-Para%C3%ADso-Praia-Destinos-Ilha-do-Pr%C3%ADncipe-01906.jpg?resize=1024%2C684&amp;ssl=1 1024w, https:\/\/i0.wp.com\/joaocajuda.com\/pt\/assets\/uploads\/2019\/04\/Jo%C3%A3o-Cajuda-S%C3%A3o-Tom%C3%A9-e-Pr%C3%ADncipe-Sundy-Praia-Ro%C3%A7a-Sundy-Bom-Bom-Omali-Para%C3%ADso-Praia-Destinos-Ilha-do-Pr%C3%ADncipe-01906.jpg?w=1200&amp;ssl=1 1200w\" sizes=\"auto, (max-width: 850px) 100vw, 850px\" \/><\/p>\n<div class=\"one_half\"><img data-recalc-dims=\"1\" loading=\"lazy\" decoding=\"async\" data-attachment-id=\"7315\" data-permalink=\"https:\/\/joaocajuda.com\/pt\/sundy-praia\/joao-cajuda-sao-tome-e-principe-sundy-praia-roca-sundy-bom-bom-omali-paraiso-praia-destinos-ilha-do-principe-3318\/\" data-orig-file=\"https:\/\/i0.wp.com\/joaocajuda.com\/pt\/assets\/uploads\/2019\/04\/Jo%C3%A3o-Cajuda-S%C3%A3o-Tom%C3%A9-e-Pr%C3%ADncipe-Sundy-Praia-Ro%C3%A7a-Sundy-Bom-Bom-Omali-Para%C3%ADso-Praia-Destinos-Ilha-do-Pr%C3%ADncipe-3318.jpg?fit=800%2C1199&amp;ssl=1\" data-orig-size=\"800,1199\" data-comments-opened=\"1\" data-image-meta=\"{&quot;aperture&quot;:&quot;4.5&quot;,&quot;credit&quot;:&quot;&quot;,&quot;camera&quot;:&quot;Canon EOS 70D&quot;,&quot;caption&quot;:&quot;&quot;,&quot;created_timestamp&quot;:&quot;1550075937&quot;,&quot;copyright&quot;:&quot;&quot;,&quot;focal_length&quot;:&quot;70&quot;,&quot;iso&quot;:&quot;100&quot;,&quot;shutter_speed&quot;:&quot;0.00625&quot;,&quot;title&quot;:&quot;&quot;,&quot;orientation&quot;:&quot;1&quot;}\" data-image-title=\"Jo\u00e3o Cajuda &amp;#8211; S\u00e3o Tom\u00e9 e Pr\u00edncipe, Sundy Praia, Ro\u00e7a Sundy, Bom Bom, Omali, Para\u00edso, Praia, Destinos, Ilha do Pr\u00edncipe-3318\" data-image-description=\"\" data-image-caption=\"\" data-medium-file=\"https:\/\/i0.wp.com\/joaocajuda.com\/pt\/assets\/uploads\/2019\/04\/Jo%C3%A3o-Cajuda-S%C3%A3o-Tom%C3%A9-e-Pr%C3%ADncipe-Sundy-Praia-Ro%C3%A7a-Sundy-Bom-Bom-Omali-Para%C3%ADso-Praia-Destinos-Ilha-do-Pr%C3%ADncipe-3318.jpg?fit=800%2C1199&amp;ssl=1\" data-large-file=\"https:\/\/i0.wp.com\/joaocajuda.com\/pt\/assets\/uploads\/2019\/04\/Jo%C3%A3o-Cajuda-S%C3%A3o-Tom%C3%A9-e-Pr%C3%ADncipe-Sundy-Praia-Ro%C3%A7a-Sundy-Bom-Bom-Omali-Para%C3%ADso-Praia-Destinos-Ilha-do-Pr%C3%ADncipe-3318.jpg?fit=683%2C1024&amp;ssl=1\" class=\"alignnone size-full wp-image-7315\" src=\"https:\/\/i0.wp.com\/joaocajuda.com\/pt\/assets\/uploads\/2019\/04\/Jo%C3%A3o-Cajuda-S%C3%A3o-Tom%C3%A9-e-Pr%C3%ADncipe-Sundy-Praia-Ro%C3%A7a-Sundy-Bom-Bom-Omali-Para%C3%ADso-Praia-Destinos-Ilha-do-Pr%C3%ADncipe-3318.jpg?resize=800%2C1199&#038;ssl=1\" alt=\"\" width=\"800\" height=\"1199\" srcset=\"https:\/\/i0.wp.com\/joaocajuda.com\/pt\/assets\/uploads\/2019\/04\/Jo%C3%A3o-Cajuda-S%C3%A3o-Tom%C3%A9-e-Pr%C3%ADncipe-Sundy-Praia-Ro%C3%A7a-Sundy-Bom-Bom-Omali-Para%C3%ADso-Praia-Destinos-Ilha-do-Pr%C3%ADncipe-3318.jpg?w=800&amp;ssl=1 800w, https:\/\/i0.wp.com\/joaocajuda.com\/pt\/assets\/uploads\/2019\/04\/Jo%C3%A3o-Cajuda-S%C3%A3o-Tom%C3%A9-e-Pr%C3%ADncipe-Sundy-Praia-Ro%C3%A7a-Sundy-Bom-Bom-Omali-Para%C3%ADso-Praia-Destinos-Ilha-do-Pr%C3%ADncipe-3318.jpg?resize=768%2C1151&amp;ssl=1 768w, https:\/\/i0.wp.com\/joaocajuda.com\/pt\/assets\/uploads\/2019\/04\/Jo%C3%A3o-Cajuda-S%C3%A3o-Tom%C3%A9-e-Pr%C3%ADncipe-Sundy-Praia-Ro%C3%A7a-Sundy-Bom-Bom-Omali-Para%C3%ADso-Praia-Destinos-Ilha-do-Pr%C3%ADncipe-3318.jpg?resize=683%2C1024&amp;ssl=1 683w\" sizes=\"auto, (max-width: 800px) 100vw, 800px\" \/> <\/div>\n<div class=\"one_half last\"><img data-recalc-dims=\"1\" loading=\"lazy\" decoding=\"async\" data-attachment-id=\"7176\" data-permalink=\"https:\/\/joaocajuda.com\/pt\/sundy-praia\/joao-cajuda-sao-tome-e-principe-sundy-praia-roca-sundy-bom-bom-omali-paraiso-praia-destinos-ilha-do-principe-01949\/\" data-orig-file=\"https:\/\/i0.wp.com\/joaocajuda.com\/pt\/assets\/uploads\/2019\/04\/Jo%C3%A3o-Cajuda-S%C3%A3o-Tom%C3%A9-e-Pr%C3%ADncipe-Sundy-Praia-Ro%C3%A7a-Sundy-Bom-Bom-Omali-Para%C3%ADso-Praia-Destinos-Ilha-do-Pr%C3%ADncipe-01949.jpg?fit=800%2C1198&amp;ssl=1\" data-orig-size=\"800,1198\" data-comments-opened=\"1\" data-image-meta=\"{&quot;aperture&quot;:&quot;5.6&quot;,&quot;credit&quot;:&quot;@joaocajuda joaocajuda.com&quot;,&quot;camera&quot;:&quot;ILCE-7SM2&quot;,&quot;caption&quot;:&quot;&quot;,&quot;created_timestamp&quot;:&quot;1550133238&quot;,&quot;copyright&quot;:&quot;joaocajuda.com&quot;,&quot;focal_length&quot;:&quot;12&quot;,&quot;iso&quot;:&quot;100&quot;,&quot;shutter_speed&quot;:&quot;0.0125&quot;,&quot;title&quot;:&quot;&quot;,&quot;orientation&quot;:&quot;1&quot;}\" data-image-title=\"Jo\u00e3o Cajuda &amp;#8211; S\u00e3o Tom\u00e9 e Pr\u00edncipe, Sundy Praia, Ro\u00e7a Sundy, Bom Bom, Omali, Para\u00edso, Praia, Destinos, Ilha do Pr\u00edncipe-01949\" data-image-description=\"\" data-image-caption=\"\" data-medium-file=\"https:\/\/i0.wp.com\/joaocajuda.com\/pt\/assets\/uploads\/2019\/04\/Jo%C3%A3o-Cajuda-S%C3%A3o-Tom%C3%A9-e-Pr%C3%ADncipe-Sundy-Praia-Ro%C3%A7a-Sundy-Bom-Bom-Omali-Para%C3%ADso-Praia-Destinos-Ilha-do-Pr%C3%ADncipe-01949.jpg?fit=800%2C1198&amp;ssl=1\" data-large-file=\"https:\/\/i0.wp.com\/joaocajuda.com\/pt\/assets\/uploads\/2019\/04\/Jo%C3%A3o-Cajuda-S%C3%A3o-Tom%C3%A9-e-Pr%C3%ADncipe-Sundy-Praia-Ro%C3%A7a-Sundy-Bom-Bom-Omali-Para%C3%ADso-Praia-Destinos-Ilha-do-Pr%C3%ADncipe-01949.jpg?fit=684%2C1024&amp;ssl=1\" class=\"alignnone size-full wp-image-7176\" src=\"https:\/\/i0.wp.com\/joaocajuda.com\/pt\/assets\/uploads\/2019\/04\/Jo%C3%A3o-Cajuda-S%C3%A3o-Tom%C3%A9-e-Pr%C3%ADncipe-Sundy-Praia-Ro%C3%A7a-Sundy-Bom-Bom-Omali-Para%C3%ADso-Praia-Destinos-Ilha-do-Pr%C3%ADncipe-01949.jpg?resize=800%2C1198&#038;ssl=1\" alt=\"\" width=\"800\" height=\"1198\" srcset=\"https:\/\/i0.wp.com\/joaocajuda.com\/pt\/assets\/uploads\/2019\/04\/Jo%C3%A3o-Cajuda-S%C3%A3o-Tom%C3%A9-e-Pr%C3%ADncipe-Sundy-Praia-Ro%C3%A7a-Sundy-Bom-Bom-Omali-Para%C3%ADso-Praia-Destinos-Ilha-do-Pr%C3%ADncipe-01949.jpg?w=800&amp;ssl=1 800w, https:\/\/i0.wp.com\/joaocajuda.com\/pt\/assets\/uploads\/2019\/04\/Jo%C3%A3o-Cajuda-S%C3%A3o-Tom%C3%A9-e-Pr%C3%ADncipe-Sundy-Praia-Ro%C3%A7a-Sundy-Bom-Bom-Omali-Para%C3%ADso-Praia-Destinos-Ilha-do-Pr%C3%ADncipe-01949.jpg?resize=768%2C1150&amp;ssl=1 768w, https:\/\/i0.wp.com\/joaocajuda.com\/pt\/assets\/uploads\/2019\/04\/Jo%C3%A3o-Cajuda-S%C3%A3o-Tom%C3%A9-e-Pr%C3%ADncipe-Sundy-Praia-Ro%C3%A7a-Sundy-Bom-Bom-Omali-Para%C3%ADso-Praia-Destinos-Ilha-do-Pr%C3%ADncipe-01949.jpg?resize=684%2C1024&amp;ssl=1 684w\" sizes=\"auto, (max-width: 800px) 100vw, 800px\" \/> <\/div>\n<div class=\"clearboth\"><\/div>\n<p>&nbsp;<\/p>\n<p><img data-recalc-dims=\"1\" loading=\"lazy\" decoding=\"async\" data-attachment-id=\"7029\" data-permalink=\"https:\/\/joaocajuda.com\/pt\/sundy-praia\/joao-cajuda-sao-tome-e-principe-sundy-praia-roca-sundy-bom-bom-omali-paraiso-praia-destinos-ilha-do-principe-01955\/\" data-orig-file=\"https:\/\/i0.wp.com\/joaocajuda.com\/pt\/assets\/uploads\/2019\/04\/Jo%C3%A3o-Cajuda-S%C3%A3o-Tom%C3%A9-e-Pr%C3%ADncipe-Sundy-Praia-Ro%C3%A7a-Sundy-Bom-Bom-Omali-Para%C3%ADso-Praia-Destinos-Ilha-do-Pr%C3%ADncipe-01955.jpg?fit=1200%2C802&amp;ssl=1\" data-orig-size=\"1200,802\" data-comments-opened=\"1\" data-image-meta=\"{&quot;aperture&quot;:&quot;4&quot;,&quot;credit&quot;:&quot;@joaocajuda joaocajuda.com&quot;,&quot;camera&quot;:&quot;ILCE-7SM2&quot;,&quot;caption&quot;:&quot;&quot;,&quot;created_timestamp&quot;:&quot;1550133337&quot;,&quot;copyright&quot;:&quot;joaocajuda.com&quot;,&quot;focal_length&quot;:&quot;12&quot;,&quot;iso&quot;:&quot;12800&quot;,&quot;shutter_speed&quot;:&quot;0.01&quot;,&quot;title&quot;:&quot;&quot;,&quot;orientation&quot;:&quot;1&quot;}\" data-image-title=\"Jo\u00e3o Cajuda &amp;#8211; S\u00e3o Tom\u00e9 e Pr\u00edncipe, Sundy Praia, Ro\u00e7a Sundy, Bom Bom, Omali, Para\u00edso, Praia, Destinos, Ilha do Pr\u00edncipe-01955\" data-image-description=\"\" data-image-caption=\"\" data-medium-file=\"https:\/\/i0.wp.com\/joaocajuda.com\/pt\/assets\/uploads\/2019\/04\/Jo%C3%A3o-Cajuda-S%C3%A3o-Tom%C3%A9-e-Pr%C3%ADncipe-Sundy-Praia-Ro%C3%A7a-Sundy-Bom-Bom-Omali-Para%C3%ADso-Praia-Destinos-Ilha-do-Pr%C3%ADncipe-01955.jpg?fit=850%2C568&amp;ssl=1\" data-large-file=\"https:\/\/i0.wp.com\/joaocajuda.com\/pt\/assets\/uploads\/2019\/04\/Jo%C3%A3o-Cajuda-S%C3%A3o-Tom%C3%A9-e-Pr%C3%ADncipe-Sundy-Praia-Ro%C3%A7a-Sundy-Bom-Bom-Omali-Para%C3%ADso-Praia-Destinos-Ilha-do-Pr%C3%ADncipe-01955.jpg?fit=960%2C641&amp;ssl=1\" class=\"alignnone size-medium wp-image-7029\" src=\"https:\/\/i0.wp.com\/joaocajuda.com\/pt\/assets\/uploads\/2019\/04\/Jo%C3%A3o-Cajuda-S%C3%A3o-Tom%C3%A9-e-Pr%C3%ADncipe-Sundy-Praia-Ro%C3%A7a-Sundy-Bom-Bom-Omali-Para%C3%ADso-Praia-Destinos-Ilha-do-Pr%C3%ADncipe-01955.jpg?resize=850%2C568&#038;ssl=1\" alt=\"\" width=\"850\" height=\"568\" srcset=\"https:\/\/i0.wp.com\/joaocajuda.com\/pt\/assets\/uploads\/2019\/04\/Jo%C3%A3o-Cajuda-S%C3%A3o-Tom%C3%A9-e-Pr%C3%ADncipe-Sundy-Praia-Ro%C3%A7a-Sundy-Bom-Bom-Omali-Para%C3%ADso-Praia-Destinos-Ilha-do-Pr%C3%ADncipe-01955.jpg?resize=850%2C568&amp;ssl=1 850w, https:\/\/i0.wp.com\/joaocajuda.com\/pt\/assets\/uploads\/2019\/04\/Jo%C3%A3o-Cajuda-S%C3%A3o-Tom%C3%A9-e-Pr%C3%ADncipe-Sundy-Praia-Ro%C3%A7a-Sundy-Bom-Bom-Omali-Para%C3%ADso-Praia-Destinos-Ilha-do-Pr%C3%ADncipe-01955.jpg?resize=768%2C513&amp;ssl=1 768w, https:\/\/i0.wp.com\/joaocajuda.com\/pt\/assets\/uploads\/2019\/04\/Jo%C3%A3o-Cajuda-S%C3%A3o-Tom%C3%A9-e-Pr%C3%ADncipe-Sundy-Praia-Ro%C3%A7a-Sundy-Bom-Bom-Omali-Para%C3%ADso-Praia-Destinos-Ilha-do-Pr%C3%ADncipe-01955.jpg?resize=1024%2C684&amp;ssl=1 1024w, https:\/\/i0.wp.com\/joaocajuda.com\/pt\/assets\/uploads\/2019\/04\/Jo%C3%A3o-Cajuda-S%C3%A3o-Tom%C3%A9-e-Pr%C3%ADncipe-Sundy-Praia-Ro%C3%A7a-Sundy-Bom-Bom-Omali-Para%C3%ADso-Praia-Destinos-Ilha-do-Pr%C3%ADncipe-01955.jpg?w=1200&amp;ssl=1 1200w\" sizes=\"auto, (max-width: 850px) 100vw, 850px\" \/><\/p>\n<div class=\"one_half\"><img data-recalc-dims=\"1\" loading=\"lazy\" decoding=\"async\" data-attachment-id=\"7178\" data-permalink=\"https:\/\/joaocajuda.com\/pt\/sundy-praia\/joao-cajuda-sao-tome-e-principe-sundy-praia-roca-sundy-bom-bom-omali-paraiso-praia-destinos-ilha-do-principe-01963\/\" data-orig-file=\"https:\/\/i0.wp.com\/joaocajuda.com\/pt\/assets\/uploads\/2019\/04\/Jo%C3%A3o-Cajuda-S%C3%A3o-Tom%C3%A9-e-Pr%C3%ADncipe-Sundy-Praia-Ro%C3%A7a-Sundy-Bom-Bom-Omali-Para%C3%ADso-Praia-Destinos-Ilha-do-Pr%C3%ADncipe-01963.jpg?fit=800%2C1198&amp;ssl=1\" data-orig-size=\"800,1198\" data-comments-opened=\"1\" data-image-meta=\"{&quot;aperture&quot;:&quot;4&quot;,&quot;credit&quot;:&quot;@joaocajuda joaocajuda.com&quot;,&quot;camera&quot;:&quot;ILCE-7SM2&quot;,&quot;caption&quot;:&quot;&quot;,&quot;created_timestamp&quot;:&quot;1550134428&quot;,&quot;copyright&quot;:&quot;joaocajuda.com&quot;,&quot;focal_length&quot;:&quot;12&quot;,&quot;iso&quot;:&quot;1600&quot;,&quot;shutter_speed&quot;:&quot;0.00625&quot;,&quot;title&quot;:&quot;&quot;,&quot;orientation&quot;:&quot;1&quot;}\" data-image-title=\"Jo\u00e3o Cajuda &amp;#8211; S\u00e3o Tom\u00e9 e Pr\u00edncipe, Sundy Praia, Ro\u00e7a Sundy, Bom Bom, Omali, Para\u00edso, Praia, Destinos, Ilha do Pr\u00edncipe-01963\" data-image-description=\"\" data-image-caption=\"\" data-medium-file=\"https:\/\/i0.wp.com\/joaocajuda.com\/pt\/assets\/uploads\/2019\/04\/Jo%C3%A3o-Cajuda-S%C3%A3o-Tom%C3%A9-e-Pr%C3%ADncipe-Sundy-Praia-Ro%C3%A7a-Sundy-Bom-Bom-Omali-Para%C3%ADso-Praia-Destinos-Ilha-do-Pr%C3%ADncipe-01963.jpg?fit=800%2C1198&amp;ssl=1\" data-large-file=\"https:\/\/i0.wp.com\/joaocajuda.com\/pt\/assets\/uploads\/2019\/04\/Jo%C3%A3o-Cajuda-S%C3%A3o-Tom%C3%A9-e-Pr%C3%ADncipe-Sundy-Praia-Ro%C3%A7a-Sundy-Bom-Bom-Omali-Para%C3%ADso-Praia-Destinos-Ilha-do-Pr%C3%ADncipe-01963.jpg?fit=684%2C1024&amp;ssl=1\" class=\"alignnone size-full wp-image-7178\" src=\"https:\/\/i0.wp.com\/joaocajuda.com\/pt\/assets\/uploads\/2019\/04\/Jo%C3%A3o-Cajuda-S%C3%A3o-Tom%C3%A9-e-Pr%C3%ADncipe-Sundy-Praia-Ro%C3%A7a-Sundy-Bom-Bom-Omali-Para%C3%ADso-Praia-Destinos-Ilha-do-Pr%C3%ADncipe-01963.jpg?resize=800%2C1198&#038;ssl=1\" alt=\"\" width=\"800\" height=\"1198\" srcset=\"https:\/\/i0.wp.com\/joaocajuda.com\/pt\/assets\/uploads\/2019\/04\/Jo%C3%A3o-Cajuda-S%C3%A3o-Tom%C3%A9-e-Pr%C3%ADncipe-Sundy-Praia-Ro%C3%A7a-Sundy-Bom-Bom-Omali-Para%C3%ADso-Praia-Destinos-Ilha-do-Pr%C3%ADncipe-01963.jpg?w=800&amp;ssl=1 800w, https:\/\/i0.wp.com\/joaocajuda.com\/pt\/assets\/uploads\/2019\/04\/Jo%C3%A3o-Cajuda-S%C3%A3o-Tom%C3%A9-e-Pr%C3%ADncipe-Sundy-Praia-Ro%C3%A7a-Sundy-Bom-Bom-Omali-Para%C3%ADso-Praia-Destinos-Ilha-do-Pr%C3%ADncipe-01963.jpg?resize=768%2C1150&amp;ssl=1 768w, https:\/\/i0.wp.com\/joaocajuda.com\/pt\/assets\/uploads\/2019\/04\/Jo%C3%A3o-Cajuda-S%C3%A3o-Tom%C3%A9-e-Pr%C3%ADncipe-Sundy-Praia-Ro%C3%A7a-Sundy-Bom-Bom-Omali-Para%C3%ADso-Praia-Destinos-Ilha-do-Pr%C3%ADncipe-01963.jpg?resize=684%2C1024&amp;ssl=1 684w\" sizes=\"auto, (max-width: 800px) 100vw, 800px\" \/> <\/div>\n<div class=\"one_half last\"><img data-recalc-dims=\"1\" loading=\"lazy\" decoding=\"async\" data-attachment-id=\"7177\" data-permalink=\"https:\/\/joaocajuda.com\/pt\/sundy-praia\/joao-cajuda-sao-tome-e-principe-sundy-praia-roca-sundy-bom-bom-omali-paraiso-praia-destinos-ilha-do-principe-01956\/\" data-orig-file=\"https:\/\/i0.wp.com\/joaocajuda.com\/pt\/assets\/uploads\/2019\/04\/Jo%C3%A3o-Cajuda-S%C3%A3o-Tom%C3%A9-e-Pr%C3%ADncipe-Sundy-Praia-Ro%C3%A7a-Sundy-Bom-Bom-Omali-Para%C3%ADso-Praia-Destinos-Ilha-do-Pr%C3%ADncipe-01956.jpg?fit=800%2C1198&amp;ssl=1\" data-orig-size=\"800,1198\" data-comments-opened=\"1\" data-image-meta=\"{&quot;aperture&quot;:&quot;4&quot;,&quot;credit&quot;:&quot;@joaocajuda joaocajuda.com&quot;,&quot;camera&quot;:&quot;ILCE-7SM2&quot;,&quot;caption&quot;:&quot;&quot;,&quot;created_timestamp&quot;:&quot;1550133348&quot;,&quot;copyright&quot;:&quot;joaocajuda.com&quot;,&quot;focal_length&quot;:&quot;12&quot;,&quot;iso&quot;:&quot;12800&quot;,&quot;shutter_speed&quot;:&quot;0.00625&quot;,&quot;title&quot;:&quot;&quot;,&quot;orientation&quot;:&quot;1&quot;}\" data-image-title=\"Jo\u00e3o Cajuda &amp;#8211; S\u00e3o Tom\u00e9 e Pr\u00edncipe, Sundy Praia, Ro\u00e7a Sundy, Bom Bom, Omali, Para\u00edso, Praia, Destinos, Ilha do Pr\u00edncipe-01956\" data-image-description=\"\" data-image-caption=\"\" data-medium-file=\"https:\/\/i0.wp.com\/joaocajuda.com\/pt\/assets\/uploads\/2019\/04\/Jo%C3%A3o-Cajuda-S%C3%A3o-Tom%C3%A9-e-Pr%C3%ADncipe-Sundy-Praia-Ro%C3%A7a-Sundy-Bom-Bom-Omali-Para%C3%ADso-Praia-Destinos-Ilha-do-Pr%C3%ADncipe-01956.jpg?fit=800%2C1198&amp;ssl=1\" data-large-file=\"https:\/\/i0.wp.com\/joaocajuda.com\/pt\/assets\/uploads\/2019\/04\/Jo%C3%A3o-Cajuda-S%C3%A3o-Tom%C3%A9-e-Pr%C3%ADncipe-Sundy-Praia-Ro%C3%A7a-Sundy-Bom-Bom-Omali-Para%C3%ADso-Praia-Destinos-Ilha-do-Pr%C3%ADncipe-01956.jpg?fit=684%2C1024&amp;ssl=1\" class=\"alignnone size-full wp-image-7177\" src=\"https:\/\/i0.wp.com\/joaocajuda.com\/pt\/assets\/uploads\/2019\/04\/Jo%C3%A3o-Cajuda-S%C3%A3o-Tom%C3%A9-e-Pr%C3%ADncipe-Sundy-Praia-Ro%C3%A7a-Sundy-Bom-Bom-Omali-Para%C3%ADso-Praia-Destinos-Ilha-do-Pr%C3%ADncipe-01956.jpg?resize=800%2C1198&#038;ssl=1\" alt=\"\" width=\"800\" height=\"1198\" srcset=\"https:\/\/i0.wp.com\/joaocajuda.com\/pt\/assets\/uploads\/2019\/04\/Jo%C3%A3o-Cajuda-S%C3%A3o-Tom%C3%A9-e-Pr%C3%ADncipe-Sundy-Praia-Ro%C3%A7a-Sundy-Bom-Bom-Omali-Para%C3%ADso-Praia-Destinos-Ilha-do-Pr%C3%ADncipe-01956.jpg?w=800&amp;ssl=1 800w, https:\/\/i0.wp.com\/joaocajuda.com\/pt\/assets\/uploads\/2019\/04\/Jo%C3%A3o-Cajuda-S%C3%A3o-Tom%C3%A9-e-Pr%C3%ADncipe-Sundy-Praia-Ro%C3%A7a-Sundy-Bom-Bom-Omali-Para%C3%ADso-Praia-Destinos-Ilha-do-Pr%C3%ADncipe-01956.jpg?resize=768%2C1150&amp;ssl=1 768w, https:\/\/i0.wp.com\/joaocajuda.com\/pt\/assets\/uploads\/2019\/04\/Jo%C3%A3o-Cajuda-S%C3%A3o-Tom%C3%A9-e-Pr%C3%ADncipe-Sundy-Praia-Ro%C3%A7a-Sundy-Bom-Bom-Omali-Para%C3%ADso-Praia-Destinos-Ilha-do-Pr%C3%ADncipe-01956.jpg?resize=684%2C1024&amp;ssl=1 684w\" sizes=\"auto, (max-width: 800px) 100vw, 800px\" \/>\u00a0<\/div>\n<div class=\"clearboth\"><\/div>\n<p><img data-recalc-dims=\"1\" loading=\"lazy\" decoding=\"async\" data-attachment-id=\"7028\" data-permalink=\"https:\/\/joaocajuda.com\/pt\/sundy-praia\/joao-cajuda-sao-tome-e-principe-sundy-praia-roca-sundy-bom-bom-omali-paraiso-praia-destinos-ilha-do-principe-01953\/\" data-orig-file=\"https:\/\/i0.wp.com\/joaocajuda.com\/pt\/assets\/uploads\/2019\/04\/Jo%C3%A3o-Cajuda-S%C3%A3o-Tom%C3%A9-e-Pr%C3%ADncipe-Sundy-Praia-Ro%C3%A7a-Sundy-Bom-Bom-Omali-Para%C3%ADso-Praia-Destinos-Ilha-do-Pr%C3%ADncipe-01953.jpg?fit=1200%2C802&amp;ssl=1\" data-orig-size=\"1200,802\" data-comments-opened=\"1\" data-image-meta=\"{&quot;aperture&quot;:&quot;4&quot;,&quot;credit&quot;:&quot;@joaocajuda joaocajuda.com&quot;,&quot;camera&quot;:&quot;ILCE-7SM2&quot;,&quot;caption&quot;:&quot;&quot;,&quot;created_timestamp&quot;:&quot;1550133322&quot;,&quot;copyright&quot;:&quot;joaocajuda.com&quot;,&quot;focal_length&quot;:&quot;12&quot;,&quot;iso&quot;:&quot;8000&quot;,&quot;shutter_speed&quot;:&quot;0.00625&quot;,&quot;title&quot;:&quot;&quot;,&quot;orientation&quot;:&quot;1&quot;}\" data-image-title=\"Jo\u00e3o Cajuda &amp;#8211; S\u00e3o Tom\u00e9 e Pr\u00edncipe, Sundy Praia, Ro\u00e7a Sundy, Bom Bom, Omali, Para\u00edso, Praia, Destinos, Ilha do Pr\u00edncipe-01953\" data-image-description=\"\" data-image-caption=\"\" data-medium-file=\"https:\/\/i0.wp.com\/joaocajuda.com\/pt\/assets\/uploads\/2019\/04\/Jo%C3%A3o-Cajuda-S%C3%A3o-Tom%C3%A9-e-Pr%C3%ADncipe-Sundy-Praia-Ro%C3%A7a-Sundy-Bom-Bom-Omali-Para%C3%ADso-Praia-Destinos-Ilha-do-Pr%C3%ADncipe-01953.jpg?fit=850%2C568&amp;ssl=1\" data-large-file=\"https:\/\/i0.wp.com\/joaocajuda.com\/pt\/assets\/uploads\/2019\/04\/Jo%C3%A3o-Cajuda-S%C3%A3o-Tom%C3%A9-e-Pr%C3%ADncipe-Sundy-Praia-Ro%C3%A7a-Sundy-Bom-Bom-Omali-Para%C3%ADso-Praia-Destinos-Ilha-do-Pr%C3%ADncipe-01953.jpg?fit=960%2C641&amp;ssl=1\" class=\"alignnone size-medium wp-image-7028\" src=\"https:\/\/i0.wp.com\/joaocajuda.com\/pt\/assets\/uploads\/2019\/04\/Jo%C3%A3o-Cajuda-S%C3%A3o-Tom%C3%A9-e-Pr%C3%ADncipe-Sundy-Praia-Ro%C3%A7a-Sundy-Bom-Bom-Omali-Para%C3%ADso-Praia-Destinos-Ilha-do-Pr%C3%ADncipe-01953.jpg?resize=850%2C568&#038;ssl=1\" alt=\"\" width=\"850\" height=\"568\" srcset=\"https:\/\/i0.wp.com\/joaocajuda.com\/pt\/assets\/uploads\/2019\/04\/Jo%C3%A3o-Cajuda-S%C3%A3o-Tom%C3%A9-e-Pr%C3%ADncipe-Sundy-Praia-Ro%C3%A7a-Sundy-Bom-Bom-Omali-Para%C3%ADso-Praia-Destinos-Ilha-do-Pr%C3%ADncipe-01953.jpg?resize=850%2C568&amp;ssl=1 850w, https:\/\/i0.wp.com\/joaocajuda.com\/pt\/assets\/uploads\/2019\/04\/Jo%C3%A3o-Cajuda-S%C3%A3o-Tom%C3%A9-e-Pr%C3%ADncipe-Sundy-Praia-Ro%C3%A7a-Sundy-Bom-Bom-Omali-Para%C3%ADso-Praia-Destinos-Ilha-do-Pr%C3%ADncipe-01953.jpg?resize=768%2C513&amp;ssl=1 768w, https:\/\/i0.wp.com\/joaocajuda.com\/pt\/assets\/uploads\/2019\/04\/Jo%C3%A3o-Cajuda-S%C3%A3o-Tom%C3%A9-e-Pr%C3%ADncipe-Sundy-Praia-Ro%C3%A7a-Sundy-Bom-Bom-Omali-Para%C3%ADso-Praia-Destinos-Ilha-do-Pr%C3%ADncipe-01953.jpg?resize=1024%2C684&amp;ssl=1 1024w, https:\/\/i0.wp.com\/joaocajuda.com\/pt\/assets\/uploads\/2019\/04\/Jo%C3%A3o-Cajuda-S%C3%A3o-Tom%C3%A9-e-Pr%C3%ADncipe-Sundy-Praia-Ro%C3%A7a-Sundy-Bom-Bom-Omali-Para%C3%ADso-Praia-Destinos-Ilha-do-Pr%C3%ADncipe-01953.jpg?w=1200&amp;ssl=1 1200w\" sizes=\"auto, (max-width: 850px) 100vw, 850px\" \/><\/p>\n<p>&nbsp;<\/p>\n<p><img data-recalc-dims=\"1\" loading=\"lazy\" decoding=\"async\" data-attachment-id=\"7024\" data-permalink=\"https:\/\/joaocajuda.com\/pt\/sundy-praia\/joao-cajuda-sao-tome-e-principe-sundy-praia-roca-sundy-bom-bom-omali-paraiso-praia-destinos-ilha-do-principe-01911\/\" data-orig-file=\"https:\/\/i0.wp.com\/joaocajuda.com\/pt\/assets\/uploads\/2019\/04\/Jo%C3%A3o-Cajuda-S%C3%A3o-Tom%C3%A9-e-Pr%C3%ADncipe-Sundy-Praia-Ro%C3%A7a-Sundy-Bom-Bom-Omali-Para%C3%ADso-Praia-Destinos-Ilha-do-Pr%C3%ADncipe-01911.jpg?fit=1200%2C802&amp;ssl=1\" data-orig-size=\"1200,802\" data-comments-opened=\"1\" data-image-meta=\"{&quot;aperture&quot;:&quot;9&quot;,&quot;credit&quot;:&quot;@joaocajuda joaocajuda.com&quot;,&quot;camera&quot;:&quot;ILCE-7SM2&quot;,&quot;caption&quot;:&quot;&quot;,&quot;created_timestamp&quot;:&quot;1550069340&quot;,&quot;copyright&quot;:&quot;joaocajuda.com&quot;,&quot;focal_length&quot;:&quot;12&quot;,&quot;iso&quot;:&quot;100&quot;,&quot;shutter_speed&quot;:&quot;0.0125&quot;,&quot;title&quot;:&quot;&quot;,&quot;orientation&quot;:&quot;1&quot;}\" data-image-title=\"Jo\u00e3o Cajuda &amp;#8211; S\u00e3o Tom\u00e9 e Pr\u00edncipe, Sundy Praia, Ro\u00e7a Sundy, Bom Bom, Omali, Para\u00edso, Praia, Destinos, Ilha do Pr\u00edncipe-01911\" data-image-description=\"\" data-image-caption=\"\" data-medium-file=\"https:\/\/i0.wp.com\/joaocajuda.com\/pt\/assets\/uploads\/2019\/04\/Jo%C3%A3o-Cajuda-S%C3%A3o-Tom%C3%A9-e-Pr%C3%ADncipe-Sundy-Praia-Ro%C3%A7a-Sundy-Bom-Bom-Omali-Para%C3%ADso-Praia-Destinos-Ilha-do-Pr%C3%ADncipe-01911.jpg?fit=850%2C568&amp;ssl=1\" data-large-file=\"https:\/\/i0.wp.com\/joaocajuda.com\/pt\/assets\/uploads\/2019\/04\/Jo%C3%A3o-Cajuda-S%C3%A3o-Tom%C3%A9-e-Pr%C3%ADncipe-Sundy-Praia-Ro%C3%A7a-Sundy-Bom-Bom-Omali-Para%C3%ADso-Praia-Destinos-Ilha-do-Pr%C3%ADncipe-01911.jpg?fit=960%2C641&amp;ssl=1\" class=\"alignnone size-medium wp-image-7024\" src=\"https:\/\/i0.wp.com\/joaocajuda.com\/pt\/assets\/uploads\/2019\/04\/Jo%C3%A3o-Cajuda-S%C3%A3o-Tom%C3%A9-e-Pr%C3%ADncipe-Sundy-Praia-Ro%C3%A7a-Sundy-Bom-Bom-Omali-Para%C3%ADso-Praia-Destinos-Ilha-do-Pr%C3%ADncipe-01911.jpg?resize=850%2C568&#038;ssl=1\" alt=\"\" width=\"850\" height=\"568\" srcset=\"https:\/\/i0.wp.com\/joaocajuda.com\/pt\/assets\/uploads\/2019\/04\/Jo%C3%A3o-Cajuda-S%C3%A3o-Tom%C3%A9-e-Pr%C3%ADncipe-Sundy-Praia-Ro%C3%A7a-Sundy-Bom-Bom-Omali-Para%C3%ADso-Praia-Destinos-Ilha-do-Pr%C3%ADncipe-01911.jpg?resize=850%2C568&amp;ssl=1 850w, https:\/\/i0.wp.com\/joaocajuda.com\/pt\/assets\/uploads\/2019\/04\/Jo%C3%A3o-Cajuda-S%C3%A3o-Tom%C3%A9-e-Pr%C3%ADncipe-Sundy-Praia-Ro%C3%A7a-Sundy-Bom-Bom-Omali-Para%C3%ADso-Praia-Destinos-Ilha-do-Pr%C3%ADncipe-01911.jpg?resize=768%2C513&amp;ssl=1 768w, https:\/\/i0.wp.com\/joaocajuda.com\/pt\/assets\/uploads\/2019\/04\/Jo%C3%A3o-Cajuda-S%C3%A3o-Tom%C3%A9-e-Pr%C3%ADncipe-Sundy-Praia-Ro%C3%A7a-Sundy-Bom-Bom-Omali-Para%C3%ADso-Praia-Destinos-Ilha-do-Pr%C3%ADncipe-01911.jpg?resize=1024%2C684&amp;ssl=1 1024w, https:\/\/i0.wp.com\/joaocajuda.com\/pt\/assets\/uploads\/2019\/04\/Jo%C3%A3o-Cajuda-S%C3%A3o-Tom%C3%A9-e-Pr%C3%ADncipe-Sundy-Praia-Ro%C3%A7a-Sundy-Bom-Bom-Omali-Para%C3%ADso-Praia-Destinos-Ilha-do-Pr%C3%ADncipe-01911.jpg?w=1200&amp;ssl=1 1200w\" sizes=\"auto, (max-width: 850px) 100vw, 850px\" \/><\/p>\n<p><img data-recalc-dims=\"1\" loading=\"lazy\" decoding=\"async\" data-attachment-id=\"6967\" data-permalink=\"https:\/\/joaocajuda.com\/pt\/sundy-praia\/default-31\/\" data-orig-file=\"https:\/\/i0.wp.com\/joaocajuda.com\/pt\/assets\/uploads\/2019\/04\/Jo%C3%A3o-Cajuda-S%C3%A3o-Tom%C3%A9-e-Pr%C3%ADncipe-Sundy-Praia-Ro%C3%A7a-Sundy-Bom-Bom-Omali-Para%C3%ADso-Praia-Destinos-Ilha-do-Pr%C3%ADncipe-0461.jpg?fit=1200%2C800&amp;ssl=1\" data-orig-size=\"1200,800\" data-comments-opened=\"1\" data-image-meta=\"{&quot;aperture&quot;:&quot;5&quot;,&quot;credit&quot;:&quot;&quot;,&quot;camera&quot;:&quot;L1D-20c&quot;,&quot;caption&quot;:&quot;default&quot;,&quot;created_timestamp&quot;:&quot;1550158602&quot;,&quot;copyright&quot;:&quot;&quot;,&quot;focal_length&quot;:&quot;10.26&quot;,&quot;iso&quot;:&quot;100&quot;,&quot;shutter_speed&quot;:&quot;0.0041666666666667&quot;,&quot;title&quot;:&quot;default&quot;,&quot;orientation&quot;:&quot;1&quot;}\" data-image-title=\"default\" data-image-description=\"\" data-image-caption=\"&lt;p&gt;default&lt;\/p&gt;\n\" data-medium-file=\"https:\/\/i0.wp.com\/joaocajuda.com\/pt\/assets\/uploads\/2019\/04\/Jo%C3%A3o-Cajuda-S%C3%A3o-Tom%C3%A9-e-Pr%C3%ADncipe-Sundy-Praia-Ro%C3%A7a-Sundy-Bom-Bom-Omali-Para%C3%ADso-Praia-Destinos-Ilha-do-Pr%C3%ADncipe-0461.jpg?fit=850%2C567&amp;ssl=1\" data-large-file=\"https:\/\/i0.wp.com\/joaocajuda.com\/pt\/assets\/uploads\/2019\/04\/Jo%C3%A3o-Cajuda-S%C3%A3o-Tom%C3%A9-e-Pr%C3%ADncipe-Sundy-Praia-Ro%C3%A7a-Sundy-Bom-Bom-Omali-Para%C3%ADso-Praia-Destinos-Ilha-do-Pr%C3%ADncipe-0461.jpg?fit=960%2C640&amp;ssl=1\" class=\"size-medium wp-image-6967\" src=\"https:\/\/i0.wp.com\/joaocajuda.com\/pt\/assets\/uploads\/2019\/04\/Jo%C3%A3o-Cajuda-S%C3%A3o-Tom%C3%A9-e-Pr%C3%ADncipe-Sundy-Praia-Ro%C3%A7a-Sundy-Bom-Bom-Omali-Para%C3%ADso-Praia-Destinos-Ilha-do-Pr%C3%ADncipe-0461.jpg?resize=850%2C567&#038;ssl=1\" alt=\"\" width=\"850\" height=\"567\" srcset=\"https:\/\/i0.wp.com\/joaocajuda.com\/pt\/assets\/uploads\/2019\/04\/Jo%C3%A3o-Cajuda-S%C3%A3o-Tom%C3%A9-e-Pr%C3%ADncipe-Sundy-Praia-Ro%C3%A7a-Sundy-Bom-Bom-Omali-Para%C3%ADso-Praia-Destinos-Ilha-do-Pr%C3%ADncipe-0461.jpg?resize=850%2C567&amp;ssl=1 850w, https:\/\/i0.wp.com\/joaocajuda.com\/pt\/assets\/uploads\/2019\/04\/Jo%C3%A3o-Cajuda-S%C3%A3o-Tom%C3%A9-e-Pr%C3%ADncipe-Sundy-Praia-Ro%C3%A7a-Sundy-Bom-Bom-Omali-Para%C3%ADso-Praia-Destinos-Ilha-do-Pr%C3%ADncipe-0461.jpg?resize=768%2C512&amp;ssl=1 768w, https:\/\/i0.wp.com\/joaocajuda.com\/pt\/assets\/uploads\/2019\/04\/Jo%C3%A3o-Cajuda-S%C3%A3o-Tom%C3%A9-e-Pr%C3%ADncipe-Sundy-Praia-Ro%C3%A7a-Sundy-Bom-Bom-Omali-Para%C3%ADso-Praia-Destinos-Ilha-do-Pr%C3%ADncipe-0461.jpg?resize=1024%2C683&amp;ssl=1 1024w, https:\/\/i0.wp.com\/joaocajuda.com\/pt\/assets\/uploads\/2019\/04\/Jo%C3%A3o-Cajuda-S%C3%A3o-Tom%C3%A9-e-Pr%C3%ADncipe-Sundy-Praia-Ro%C3%A7a-Sundy-Bom-Bom-Omali-Para%C3%ADso-Praia-Destinos-Ilha-do-Pr%C3%ADncipe-0461.jpg?w=1200&amp;ssl=1 1200w\" sizes=\"auto, (max-width: 850px) 100vw, 850px\" \/><\/p>\n<p>O restaurante talvez seja o espa\u00e7o do hotel que me deixou mais encantado. Inspirado e lembrando a forma de um peixe, foi constru\u00eddo segundo uma t\u00e9cnica Indon\u00e9sia, e todo o seu bambo, assim como os trabalhares vieram desde a \u00c1sia at\u00e9 \u00e0 pequena ilha do Pr\u00edncipe para o construir. \u00c9 naturalmente elegante e ex\u00f3tico. O pequeno-almo\u00e7o \u00e9 divinal, com muita diversidade, quer na fruta quer no p\u00e3o, assim como na ementa de ovos ou sumos naturais.<\/p>\n<p>As refei\u00e7\u00f5es tamb\u00e9m podem ser feitas nas villas, no restaurante da piscina ou at\u00e9 na praia com os p\u00e9s na areia e debaixo do c\u00e9u estrelado ao som das ondas do mar calmo.<\/p>\n<p>Por \u00faltimo, mas n\u00e3o menos importante a simpatia e empenho de todos os trabalhadores que fizerem sentir-me em casa, sempre com um sorriso e uma conversa interessante e educativa para trocar comigo. Agrade\u00e7o honestamente cada momento, sem eles, a experi\u00eancia n\u00e3o seria completa e memor\u00e1vel.<\/p>\n<p>&nbsp;<\/p>\n<p><strong>DESCOBRE TAMB\u00c9M O HOTEL BOM BOM <a href=\"https:\/\/joaocajuda.com\/pt\/bom-bom\/\">AQUI!<\/a><\/strong><\/p>\n<p><a href=\"https:\/\/joaocajuda.com\/pt\/bom-bom\/\"><img data-recalc-dims=\"1\" loading=\"lazy\" decoding=\"async\" data-attachment-id=\"7511\" data-permalink=\"https:\/\/joaocajuda.com\/pt\/sundy-praia\/project_20190423_175118\/\" data-orig-file=\"https:\/\/i0.wp.com\/joaocajuda.com\/pt\/assets\/uploads\/2019\/04\/project_20190423_175118.jpg?fit=1600%2C1066&amp;ssl=1\" data-orig-size=\"1600,1066\" data-comments-opened=\"1\" data-image-meta=\"{&quot;aperture&quot;:&quot;0&quot;,&quot;credit&quot;:&quot;&quot;,&quot;camera&quot;:&quot;&quot;,&quot;caption&quot;:&quot;&quot;,&quot;created_timestamp&quot;:&quot;0&quot;,&quot;copyright&quot;:&quot;&quot;,&quot;focal_length&quot;:&quot;0&quot;,&quot;iso&quot;:&quot;0&quot;,&quot;shutter_speed&quot;:&quot;0&quot;,&quot;title&quot;:&quot;&quot;,&quot;orientation&quot;:&quot;0&quot;}\" data-image-title=\"project_20190423_175118\" data-image-description=\"\" data-image-caption=\"\" data-medium-file=\"https:\/\/i0.wp.com\/joaocajuda.com\/pt\/assets\/uploads\/2019\/04\/project_20190423_175118.jpg?fit=850%2C566&amp;ssl=1\" data-large-file=\"https:\/\/i0.wp.com\/joaocajuda.com\/pt\/assets\/uploads\/2019\/04\/project_20190423_175118.jpg?fit=960%2C639&amp;ssl=1\" class=\"alignnone size-medium wp-image-7511\" src=\"https:\/\/i0.wp.com\/joaocajuda.com\/pt\/assets\/uploads\/2019\/04\/project_20190423_175118.jpg?resize=850%2C566&#038;ssl=1\" alt=\"\" width=\"850\" height=\"566\" srcset=\"https:\/\/i0.wp.com\/joaocajuda.com\/pt\/assets\/uploads\/2019\/04\/project_20190423_175118.jpg?resize=850%2C566&amp;ssl=1 850w, https:\/\/i0.wp.com\/joaocajuda.com\/pt\/assets\/uploads\/2019\/04\/project_20190423_175118.jpg?resize=768%2C512&amp;ssl=1 768w, https:\/\/i0.wp.com\/joaocajuda.com\/pt\/assets\/uploads\/2019\/04\/project_20190423_175118.jpg?resize=1024%2C682&amp;ssl=1 1024w, https:\/\/i0.wp.com\/joaocajuda.com\/pt\/assets\/uploads\/2019\/04\/project_20190423_175118.jpg?w=1600&amp;ssl=1 1600w\" sizes=\"auto, (max-width: 850px) 100vw, 850px\" \/><\/a><\/p>\n","protected":false},"excerpt":{"rendered":"<p>Este post teve o apoio da HBD. Distinguido pela National Geographic como um \u201cUnique Lodges of the World\u201d, o SUNDY PRAIA \u00e9 o ep\u00edtome do luxo, conforto e privacidade na ilha do Pr\u00edncipe. O mais recente resort da ilha tem apenas 15 villas em tenda se que escondem entre os coqueiros e bananeiras ao longo [&hellip;]<\/p>\n","protected":false},"author":3,"featured_media":6970,"comment_status":"open","ping_status":"closed","sticky":false,"template":"","format":"standard","meta":{"_jetpack_memberships_contains_paid_content":false,"footnotes":""},"categories":[471,42],"tags":[174,466,470,476,472,464,475,199,53],"class_list":["post-7433","post","type-post","status-publish","format-standard","has-post-thumbnail","hentry","category-sao-tome-e-principe","category-viagens","tag-africa","tag-bom-bom","tag-praia-banana","tag-roca","tag-sao-tome","tag-sao-tome-e-principe","tag-sundy","tag-viagem","tag-viajar"],"yoast_head":"<!-- This site is optimized with the Yoast SEO plugin v27.3 - https:\/\/yoast.com\/product\/yoast-seo-wordpress\/ -->\n<title>SUNDY PRAIA - JOAOCAJUDA.COM<\/title>\n<meta name=\"robots\" content=\"index, follow, max-snippet:-1, max-image-preview:large, max-video-preview:-1\" \/>\n<link rel=\"canonical\" href=\"https:\/\/joaocajuda.com\/pt\/sundy-praia\/\" \/>\n<meta property=\"og:locale\" content=\"pt_PT\" \/>\n<meta property=\"og:type\" content=\"article\" \/>\n<meta property=\"og:title\" content=\"SUNDY PRAIA - JOAOCAJUDA.COM\" \/>\n<meta property=\"og:description\" content=\"Este post teve o apoio da HBD. Distinguido pela National Geographic como um \u201cUnique Lodges of the World\u201d, o SUNDY PRAIA \u00e9 o ep\u00edtome do luxo, conforto e privacidade na ilha do Pr\u00edncipe. O mais recente resort da ilha tem apenas 15 villas em tenda se que escondem entre os coqueiros e bananeiras ao longo [&hellip;]\" \/>\n<meta property=\"og:url\" content=\"https:\/\/joaocajuda.com\/pt\/sundy-praia\/\" \/>\n<meta property=\"og:site_name\" content=\"JOAOCAJUDA.COM\" \/>\n<meta property=\"article:publisher\" content=\"http:\/\/www.facebook.com\/cajuda.pt\" \/>\n<meta property=\"article:author\" content=\"http:\/\/www.facebook.com\/joaocajudaviagens\" \/>\n<meta property=\"article:published_time\" content=\"2019-04-23T16:40:24+00:00\" \/>\n<meta property=\"article:modified_time\" content=\"2019-04-23T17:08:26+00:00\" \/>\n<meta property=\"og:image\" content=\"https:\/\/i0.wp.com\/joaocajuda.com\/pt\/assets\/uploads\/2019\/04\/Jo%C3%A3o-Cajuda-S%C3%A3o-Tom%C3%A9-e-Pr%C3%ADncipe-Sundy-Praia-Ro%C3%A7a-Sundy-Bom-Bom-Omali-Para%C3%ADso-Praia-Destinos-Ilha-do-Pr%C3%ADncipe-0468.jpg?fit=1200%2C800&ssl=1\" \/>\n\t<meta property=\"og:image:width\" content=\"1200\" \/>\n\t<meta property=\"og:image:height\" content=\"800\" \/>\n\t<meta property=\"og:image:type\" content=\"image\/jpeg\" \/>\n<meta name=\"author\" content=\"Jo\u00e3o Cajuda\" \/>\n<meta name=\"twitter:card\" content=\"summary_large_image\" \/>\n<meta name=\"twitter:creator\" content=\"@joaocajuda\" \/>\n<meta name=\"twitter:site\" content=\"@joaocajuda\" \/>\n<meta name=\"twitter:label1\" content=\"Escrito por\" \/>\n\t<meta name=\"twitter:data1\" content=\"Jo\u00e3o Cajuda\" \/>\n\t<meta name=\"twitter:label2\" content=\"Tempo estimado de leitura\" \/>\n\t<meta name=\"twitter:data2\" content=\"3 minutos\" \/>\n<script type=\"application\/ld+json\" class=\"yoast-schema-graph\">{\"@context\":\"https:\\\/\\\/schema.org\",\"@graph\":[{\"@type\":\"Article\",\"@id\":\"https:\\\/\\\/joaocajuda.com\\\/pt\\\/sundy-praia\\\/#article\",\"isPartOf\":{\"@id\":\"https:\\\/\\\/joaocajuda.com\\\/pt\\\/sundy-praia\\\/\"},\"author\":{\"name\":\"Jo\u00e3o Cajuda\",\"@id\":\"https:\\\/\\\/joaocajuda.com\\\/pt\\\/#\\\/schema\\\/person\\\/75ed3bece1e0706b8a6a82356cfd17b5\"},\"headline\":\"SUNDY PRAIA\",\"datePublished\":\"2019-04-23T16:40:24+00:00\",\"dateModified\":\"2019-04-23T17:08:26+00:00\",\"mainEntityOfPage\":{\"@id\":\"https:\\\/\\\/joaocajuda.com\\\/pt\\\/sundy-praia\\\/\"},\"wordCount\":565,\"commentCount\":0,\"image\":{\"@id\":\"https:\\\/\\\/joaocajuda.com\\\/pt\\\/sundy-praia\\\/#primaryimage\"},\"thumbnailUrl\":\"https:\\\/\\\/i0.wp.com\\\/joaocajuda.com\\\/pt\\\/assets\\\/uploads\\\/2019\\\/04\\\/Jo%C3%A3o-Cajuda-S%C3%A3o-Tom%C3%A9-e-Pr%C3%ADncipe-Sundy-Praia-Ro%C3%A7a-Sundy-Bom-Bom-Omali-Para%C3%ADso-Praia-Destinos-Ilha-do-Pr%C3%ADncipe-0468.jpg?fit=1200%2C800&ssl=1\",\"keywords\":[\"\u00c1frica\",\"Bom Bom\",\"Praia Banana\",\"Ro\u00e7a\",\"S\u00e3o Tom\u00e9\",\"S\u00e3o Tom\u00e9 e Pr\u00edncipe\",\"Sundy\",\"Viagem\",\"viajar\"],\"articleSection\":[\"S\u00e3o Tom\u00e9 e Pr\u00edncipe\",\"viagens\"],\"inLanguage\":\"pt-PT\",\"potentialAction\":[{\"@type\":\"CommentAction\",\"name\":\"Comment\",\"target\":[\"https:\\\/\\\/joaocajuda.com\\\/pt\\\/sundy-praia\\\/#respond\"]}]},{\"@type\":\"WebPage\",\"@id\":\"https:\\\/\\\/joaocajuda.com\\\/pt\\\/sundy-praia\\\/\",\"url\":\"https:\\\/\\\/joaocajuda.com\\\/pt\\\/sundy-praia\\\/\",\"name\":\"SUNDY PRAIA - JOAOCAJUDA.COM\",\"isPartOf\":{\"@id\":\"https:\\\/\\\/joaocajuda.com\\\/pt\\\/#website\"},\"primaryImageOfPage\":{\"@id\":\"https:\\\/\\\/joaocajuda.com\\\/pt\\\/sundy-praia\\\/#primaryimage\"},\"image\":{\"@id\":\"https:\\\/\\\/joaocajuda.com\\\/pt\\\/sundy-praia\\\/#primaryimage\"},\"thumbnailUrl\":\"https:\\\/\\\/i0.wp.com\\\/joaocajuda.com\\\/pt\\\/assets\\\/uploads\\\/2019\\\/04\\\/Jo%C3%A3o-Cajuda-S%C3%A3o-Tom%C3%A9-e-Pr%C3%ADncipe-Sundy-Praia-Ro%C3%A7a-Sundy-Bom-Bom-Omali-Para%C3%ADso-Praia-Destinos-Ilha-do-Pr%C3%ADncipe-0468.jpg?fit=1200%2C800&ssl=1\",\"datePublished\":\"2019-04-23T16:40:24+00:00\",\"dateModified\":\"2019-04-23T17:08:26+00:00\",\"author\":{\"@id\":\"https:\\\/\\\/joaocajuda.com\\\/pt\\\/#\\\/schema\\\/person\\\/75ed3bece1e0706b8a6a82356cfd17b5\"},\"breadcrumb\":{\"@id\":\"https:\\\/\\\/joaocajuda.com\\\/pt\\\/sundy-praia\\\/#breadcrumb\"},\"inLanguage\":\"pt-PT\",\"potentialAction\":[{\"@type\":\"ReadAction\",\"target\":[\"https:\\\/\\\/joaocajuda.com\\\/pt\\\/sundy-praia\\\/\"]}]},{\"@type\":\"ImageObject\",\"inLanguage\":\"pt-PT\",\"@id\":\"https:\\\/\\\/joaocajuda.com\\\/pt\\\/sundy-praia\\\/#primaryimage\",\"url\":\"https:\\\/\\\/i0.wp.com\\\/joaocajuda.com\\\/pt\\\/assets\\\/uploads\\\/2019\\\/04\\\/Jo%C3%A3o-Cajuda-S%C3%A3o-Tom%C3%A9-e-Pr%C3%ADncipe-Sundy-Praia-Ro%C3%A7a-Sundy-Bom-Bom-Omali-Para%C3%ADso-Praia-Destinos-Ilha-do-Pr%C3%ADncipe-0468.jpg?fit=1200%2C800&ssl=1\",\"contentUrl\":\"https:\\\/\\\/i0.wp.com\\\/joaocajuda.com\\\/pt\\\/assets\\\/uploads\\\/2019\\\/04\\\/Jo%C3%A3o-Cajuda-S%C3%A3o-Tom%C3%A9-e-Pr%C3%ADncipe-Sundy-Praia-Ro%C3%A7a-Sundy-Bom-Bom-Omali-Para%C3%ADso-Praia-Destinos-Ilha-do-Pr%C3%ADncipe-0468.jpg?fit=1200%2C800&ssl=1\",\"width\":1200,\"height\":800,\"caption\":\"default\"},{\"@type\":\"BreadcrumbList\",\"@id\":\"https:\\\/\\\/joaocajuda.com\\\/pt\\\/sundy-praia\\\/#breadcrumb\",\"itemListElement\":[{\"@type\":\"ListItem\",\"position\":1,\"name\":\"In\u00edcio\",\"item\":\"https:\\\/\\\/joaocajuda.com\\\/pt\\\/\"},{\"@type\":\"ListItem\",\"position\":2,\"name\":\"SUNDY PRAIA\"}]},{\"@type\":\"WebSite\",\"@id\":\"https:\\\/\\\/joaocajuda.com\\\/pt\\\/#website\",\"url\":\"https:\\\/\\\/joaocajuda.com\\\/pt\\\/\",\"name\":\"JOAOCAJUDA.COM\",\"description\":\"\",\"potentialAction\":[{\"@type\":\"SearchAction\",\"target\":{\"@type\":\"EntryPoint\",\"urlTemplate\":\"https:\\\/\\\/joaocajuda.com\\\/pt\\\/?s={search_term_string}\"},\"query-input\":{\"@type\":\"PropertyValueSpecification\",\"valueRequired\":true,\"valueName\":\"search_term_string\"}}],\"inLanguage\":\"pt-PT\"},{\"@type\":\"Person\",\"@id\":\"https:\\\/\\\/joaocajuda.com\\\/pt\\\/#\\\/schema\\\/person\\\/75ed3bece1e0706b8a6a82356cfd17b5\",\"name\":\"Jo\u00e3o Cajuda\",\"image\":{\"@type\":\"ImageObject\",\"inLanguage\":\"pt-PT\",\"@id\":\"https:\\\/\\\/secure.gravatar.com\\\/avatar\\\/d17213b1ec6bc9523eba97de7bcbc3485f116b89c5d6bec7ad47ab30ac3d6ccf?s=96&d=mm&r=g\",\"url\":\"https:\\\/\\\/secure.gravatar.com\\\/avatar\\\/d17213b1ec6bc9523eba97de7bcbc3485f116b89c5d6bec7ad47ab30ac3d6ccf?s=96&d=mm&r=g\",\"contentUrl\":\"https:\\\/\\\/secure.gravatar.com\\\/avatar\\\/d17213b1ec6bc9523eba97de7bcbc3485f116b89c5d6bec7ad47ab30ac3d6ccf?s=96&d=mm&r=g\",\"caption\":\"Jo\u00e3o Cajuda\"},\"description\":\"Ol\u00e1! Eu sou o Jo\u00e3o Cajuda, blogger de viagens portugu\u00eas e o criador deste site. Aqui partilho as minhas aventuras pelo mundo e dou dicas de destinos, hot\u00e9is, restaurantes e actividades a fazer. Podem ainda viajar comigo atrav\u00e9s dos meus v\u00eddeos de viagens e dos tours de grupo que organizo para v\u00e1rios destinos! Visita a minha Ag\u00eancia de Viagens de Aventura LEVA-ME e junta-te a uma das minhas aventuras.\",\"sameAs\":[\"https:\\\/\\\/joaocajuda.com\",\"http:\\\/\\\/www.facebook.com\\\/joaocajudaviagens\",\"http:\\\/\\\/www.instagram.com\\\/joaocajuda\"],\"url\":\"https:\\\/\\\/joaocajuda.com\\\/pt\\\/author\\\/joaocajuda\\\/\"}]}<\/script>\n<!-- \/ Yoast SEO plugin. -->","yoast_head_json":{"title":"SUNDY PRAIA - JOAOCAJUDA.COM","robots":{"index":"index","follow":"follow","max-snippet":"max-snippet:-1","max-image-preview":"max-image-preview:large","max-video-preview":"max-video-preview:-1"},"canonical":"https:\/\/joaocajuda.com\/pt\/sundy-praia\/","og_locale":"pt_PT","og_type":"article","og_title":"SUNDY PRAIA - JOAOCAJUDA.COM","og_description":"Este post teve o apoio da HBD. Distinguido pela National Geographic como um \u201cUnique Lodges of the World\u201d, o SUNDY PRAIA \u00e9 o ep\u00edtome do luxo, conforto e privacidade na ilha do Pr\u00edncipe. O mais recente resort da ilha tem apenas 15 villas em tenda se que escondem entre os coqueiros e bananeiras ao longo [&hellip;]","og_url":"https:\/\/joaocajuda.com\/pt\/sundy-praia\/","og_site_name":"JOAOCAJUDA.COM","article_publisher":"http:\/\/www.facebook.com\/cajuda.pt","article_author":"http:\/\/www.facebook.com\/joaocajudaviagens","article_published_time":"2019-04-23T16:40:24+00:00","article_modified_time":"2019-04-23T17:08:26+00:00","og_image":[{"width":1200,"height":800,"url":"https:\/\/i0.wp.com\/joaocajuda.com\/pt\/assets\/uploads\/2019\/04\/Jo%C3%A3o-Cajuda-S%C3%A3o-Tom%C3%A9-e-Pr%C3%ADncipe-Sundy-Praia-Ro%C3%A7a-Sundy-Bom-Bom-Omali-Para%C3%ADso-Praia-Destinos-Ilha-do-Pr%C3%ADncipe-0468.jpg?fit=1200%2C800&ssl=1","type":"image\/jpeg"}],"author":"Jo\u00e3o Cajuda","twitter_card":"summary_large_image","twitter_creator":"@joaocajuda","twitter_site":"@joaocajuda","twitter_misc":{"Escrito por":"Jo\u00e3o Cajuda","Tempo estimado de leitura":"3 minutos"},"schema":{"@context":"https:\/\/schema.org","@graph":[{"@type":"Article","@id":"https:\/\/joaocajuda.com\/pt\/sundy-praia\/#article","isPartOf":{"@id":"https:\/\/joaocajuda.com\/pt\/sundy-praia\/"},"author":{"name":"Jo\u00e3o Cajuda","@id":"https:\/\/joaocajuda.com\/pt\/#\/schema\/person\/75ed3bece1e0706b8a6a82356cfd17b5"},"headline":"SUNDY PRAIA","datePublished":"2019-04-23T16:40:24+00:00","dateModified":"2019-04-23T17:08:26+00:00","mainEntityOfPage":{"@id":"https:\/\/joaocajuda.com\/pt\/sundy-praia\/"},"wordCount":565,"commentCount":0,"image":{"@id":"https:\/\/joaocajuda.com\/pt\/sundy-praia\/#primaryimage"},"thumbnailUrl":"https:\/\/i0.wp.com\/joaocajuda.com\/pt\/assets\/uploads\/2019\/04\/Jo%C3%A3o-Cajuda-S%C3%A3o-Tom%C3%A9-e-Pr%C3%ADncipe-Sundy-Praia-Ro%C3%A7a-Sundy-Bom-Bom-Omali-Para%C3%ADso-Praia-Destinos-Ilha-do-Pr%C3%ADncipe-0468.jpg?fit=1200%2C800&ssl=1","keywords":["\u00c1frica","Bom Bom","Praia Banana","Ro\u00e7a","S\u00e3o Tom\u00e9","S\u00e3o Tom\u00e9 e Pr\u00edncipe","Sundy","Viagem","viajar"],"articleSection":["S\u00e3o Tom\u00e9 e Pr\u00edncipe","viagens"],"inLanguage":"pt-PT","potentialAction":[{"@type":"CommentAction","name":"Comment","target":["https:\/\/joaocajuda.com\/pt\/sundy-praia\/#respond"]}]},{"@type":"WebPage","@id":"https:\/\/joaocajuda.com\/pt\/sundy-praia\/","url":"https:\/\/joaocajuda.com\/pt\/sundy-praia\/","name":"SUNDY PRAIA - JOAOCAJUDA.COM","isPartOf":{"@id":"https:\/\/joaocajuda.com\/pt\/#website"},"primaryImageOfPage":{"@id":"https:\/\/joaocajuda.com\/pt\/sundy-praia\/#primaryimage"},"image":{"@id":"https:\/\/joaocajuda.com\/pt\/sundy-praia\/#primaryimage"},"thumbnailUrl":"https:\/\/i0.wp.com\/joaocajuda.com\/pt\/assets\/uploads\/2019\/04\/Jo%C3%A3o-Cajuda-S%C3%A3o-Tom%C3%A9-e-Pr%C3%ADncipe-Sundy-Praia-Ro%C3%A7a-Sundy-Bom-Bom-Omali-Para%C3%ADso-Praia-Destinos-Ilha-do-Pr%C3%ADncipe-0468.jpg?fit=1200%2C800&ssl=1","datePublished":"2019-04-23T16:40:24+00:00","dateModified":"2019-04-23T17:08:26+00:00","author":{"@id":"https:\/\/joaocajuda.com\/pt\/#\/schema\/person\/75ed3bece1e0706b8a6a82356cfd17b5"},"breadcrumb":{"@id":"https:\/\/joaocajuda.com\/pt\/sundy-praia\/#breadcrumb"},"inLanguage":"pt-PT","potentialAction":[{"@type":"ReadAction","target":["https:\/\/joaocajuda.com\/pt\/sundy-praia\/"]}]},{"@type":"ImageObject","inLanguage":"pt-PT","@id":"https:\/\/joaocajuda.com\/pt\/sundy-praia\/#primaryimage","url":"https:\/\/i0.wp.com\/joaocajuda.com\/pt\/assets\/uploads\/2019\/04\/Jo%C3%A3o-Cajuda-S%C3%A3o-Tom%C3%A9-e-Pr%C3%ADncipe-Sundy-Praia-Ro%C3%A7a-Sundy-Bom-Bom-Omali-Para%C3%ADso-Praia-Destinos-Ilha-do-Pr%C3%ADncipe-0468.jpg?fit=1200%2C800&ssl=1","contentUrl":"https:\/\/i0.wp.com\/joaocajuda.com\/pt\/assets\/uploads\/2019\/04\/Jo%C3%A3o-Cajuda-S%C3%A3o-Tom%C3%A9-e-Pr%C3%ADncipe-Sundy-Praia-Ro%C3%A7a-Sundy-Bom-Bom-Omali-Para%C3%ADso-Praia-Destinos-Ilha-do-Pr%C3%ADncipe-0468.jpg?fit=1200%2C800&ssl=1","width":1200,"height":800,"caption":"default"},{"@type":"BreadcrumbList","@id":"https:\/\/joaocajuda.com\/pt\/sundy-praia\/#breadcrumb","itemListElement":[{"@type":"ListItem","position":1,"name":"In\u00edcio","item":"https:\/\/joaocajuda.com\/pt\/"},{"@type":"ListItem","position":2,"name":"SUNDY PRAIA"}]},{"@type":"WebSite","@id":"https:\/\/joaocajuda.com\/pt\/#website","url":"https:\/\/joaocajuda.com\/pt\/","name":"JOAOCAJUDA.COM","description":"","potentialAction":[{"@type":"SearchAction","target":{"@type":"EntryPoint","urlTemplate":"https:\/\/joaocajuda.com\/pt\/?s={search_term_string}"},"query-input":{"@type":"PropertyValueSpecification","valueRequired":true,"valueName":"search_term_string"}}],"inLanguage":"pt-PT"},{"@type":"Person","@id":"https:\/\/joaocajuda.com\/pt\/#\/schema\/person\/75ed3bece1e0706b8a6a82356cfd17b5","name":"Jo\u00e3o Cajuda","image":{"@type":"ImageObject","inLanguage":"pt-PT","@id":"https:\/\/secure.gravatar.com\/avatar\/d17213b1ec6bc9523eba97de7bcbc3485f116b89c5d6bec7ad47ab30ac3d6ccf?s=96&d=mm&r=g","url":"https:\/\/secure.gravatar.com\/avatar\/d17213b1ec6bc9523eba97de7bcbc3485f116b89c5d6bec7ad47ab30ac3d6ccf?s=96&d=mm&r=g","contentUrl":"https:\/\/secure.gravatar.com\/avatar\/d17213b1ec6bc9523eba97de7bcbc3485f116b89c5d6bec7ad47ab30ac3d6ccf?s=96&d=mm&r=g","caption":"Jo\u00e3o Cajuda"},"description":"Ol\u00e1! Eu sou o Jo\u00e3o Cajuda, blogger de viagens portugu\u00eas e o criador deste site. Aqui partilho as minhas aventuras pelo mundo e dou dicas de destinos, hot\u00e9is, restaurantes e actividades a fazer. Podem ainda viajar comigo atrav\u00e9s dos meus v\u00eddeos de viagens e dos tours de grupo que organizo para v\u00e1rios destinos! Visita a minha Ag\u00eancia de Viagens de Aventura LEVA-ME e junta-te a uma das minhas aventuras.","sameAs":["https:\/\/joaocajuda.com","http:\/\/www.facebook.com\/joaocajudaviagens","http:\/\/www.instagram.com\/joaocajuda"],"url":"https:\/\/joaocajuda.com\/pt\/author\/joaocajuda\/"}]}},"jetpack_featured_media_url":"https:\/\/i0.wp.com\/joaocajuda.com\/pt\/assets\/uploads\/2019\/04\/Jo%C3%A3o-Cajuda-S%C3%A3o-Tom%C3%A9-e-Pr%C3%ADncipe-Sundy-Praia-Ro%C3%A7a-Sundy-Bom-Bom-Omali-Para%C3%ADso-Praia-Destinos-Ilha-do-Pr%C3%ADncipe-0468.jpg?fit=1200%2C800&ssl=1","jetpack_sharing_enabled":true,"_links":{"self":[{"href":"https:\/\/joaocajuda.com\/pt\/wp-json\/wp\/v2\/posts\/7433","targetHints":{"allow":["GET"]}}],"collection":[{"href":"https:\/\/joaocajuda.com\/pt\/wp-json\/wp\/v2\/posts"}],"about":[{"href":"https:\/\/joaocajuda.com\/pt\/wp-json\/wp\/v2\/types\/post"}],"author":[{"embeddable":true,"href":"https:\/\/joaocajuda.com\/pt\/wp-json\/wp\/v2\/users\/3"}],"replies":[{"embeddable":true,"href":"https:\/\/joaocajuda.com\/pt\/wp-json\/wp\/v2\/comments?post=7433"}],"version-history":[{"count":10,"href":"https:\/\/joaocajuda.com\/pt\/wp-json\/wp\/v2\/posts\/7433\/revisions"}],"predecessor-version":[{"id":7513,"href":"https:\/\/joaocajuda.com\/pt\/wp-json\/wp\/v2\/posts\/7433\/revisions\/7513"}],"wp:featuredmedia":[{"embeddable":true,"href":"https:\/\/joaocajuda.com\/pt\/wp-json\/wp\/v2\/media\/6970"}],"wp:attachment":[{"href":"https:\/\/joaocajuda.com\/pt\/wp-json\/wp\/v2\/media?parent=7433"}],"wp:term":[{"taxonomy":"category","embeddable":true,"href":"https:\/\/joaocajuda.com\/pt\/wp-json\/wp\/v2\/categories?post=7433"},{"taxonomy":"post_tag","embeddable":true,"href":"https:\/\/joaocajuda.com\/pt\/wp-json\/wp\/v2\/tags?post=7433"}],"curies":[{"name":"wp","href":"https:\/\/api.w.org\/{rel}","templated":true}]}}